{"id":10778,"date":"2026-04-27T00:53:35","date_gmt":"2026-04-26T21:53:35","guid":{"rendered":"https:\/\/bulturk.org.tr\/v2\/?p=10778"},"modified":"2026-04-27T00:59:04","modified_gmt":"2026-04-26T21:59:04","slug":"istanbulda-suriye-turkmenleri-federasyonunda","status":"publish","type":"post","link":"https:\/\/bulturk.org.tr\/v2\/istanbulda-suriye-turkmenleri-federasyonunda\/","title":{"rendered":"\u0130stanbul&#8217;da Suriye T\u00fcrkmenleri Federasyonunda"},"content":{"rendered":"\n<p>Rafet ULUT\u00dcRK<\/p>\n\n\n\n<p>Say\u0131n Ba\u015fkan, Say\u0131n Komutan\u0131m, k\u0131ymetli misafirler, de\u011ferli dava ve g\u00f6n\u00fcl karde\u015flerim, <\/p>\n\n\n\n<p>Hepinizi en kalbi duygular\u0131mla, sayg\u0131yla ve muhabbetle selaml\u0131yorum.<\/p>\n\n\n\n<p>Bug\u00fcn burada, sadece bir konu\u015fma yapmak i\u00e7in de\u011fil; ortak haf\u0131zam\u0131z\u0131, ortak ac\u0131lar\u0131m\u0131z\u0131, ortak umutlar\u0131m\u0131z\u0131 ve ortak gelece\u011fimizi birlikte d\u00fc\u015f\u00fcnmek i\u00e7in bulunuyoruz.<\/p>\n\n\n\n<p>Bizler, k\u00f6kleri Orta Asya\u2019n\u0131n u\u00e7suz bucaks\u0131z bozk\u0131rlar\u0131na uzanan; oradan ald\u0131\u011f\u0131 iradeyi, cesareti, adalet anlay\u0131\u015f\u0131n\u0131 ve devlet terbiyesini Anadolu\u2019ya, Rumeli\u2019ye ve Balkanlar\u2019a ta\u015f\u0131yan b\u00fcy\u00fck bir medeniyetin evlatlar\u0131y\u0131z.<\/p>\n\n\n\n<p>Bizler, Anadolu\u2019dan \u00f6nce Rumeli\u2019yi yurt edinen, bu topraklar\u0131 sadece fetheden de\u011fil; imar eden, ya\u015fatan, adaletle yo\u011furan ve farkl\u0131 milletleri bir arada tutan evlad\u0131 fatihan\u0131n torunlar\u0131y\u0131z.<\/p>\n\n\n\n<p>Bu sebeple Rumeli bizim i\u00e7in yaln\u0131zca bir co\u011frafya de\u011fildir. Rumeli bir haf\u0131zad\u0131r, bir kimliktir, bir emanettir ve ayn\u0131 zamanda gelece\u011fe kar\u015f\u0131 b\u00fcy\u00fck bir sorumluluktur.<\/p>\n\n\n\n<p>Balkanlar tarih boyunca yaln\u0131zca s\u0131n\u0131rlar\u0131n \u00e7izildi\u011fi bir b\u00f6lge olmam\u0131\u015ft\u0131r. Balkanlar; milletlerin, dillerin, inan\u00e7lar\u0131n ve k\u00fclt\u00fcrlerin i\u00e7 i\u00e7e ge\u00e7ti\u011fi b\u00fcy\u00fck bir insanl\u0131k tecr\u00fcbesidir. Bu co\u011frafya bize \u015funu \u00f6\u011fretmi\u015ftir: Farkl\u0131l\u0131klar, adaletle y\u00f6netilirse \u00e7at\u0131\u015fma sebebi de\u011fil, zenginlik kayna\u011f\u0131 olur.<\/p>\n\n\n\n<p>Bug\u00fcn bize d\u00fc\u015fen g\u00f6rev de tam olarak budur:<\/p>\n\n\n\n<p>Ge\u00e7mi\u015fin miras\u0131n\u0131 sadece hat\u0131rlamak de\u011fil; onu gelece\u011fin vizyonuna d\u00f6n\u00fc\u015ft\u00fcrmek.<\/p>\n\n\n\n<p>De\u011ferli misafirler,<\/p>\n\n\n\n<p>Bulgaristan\u2019da son y\u0131llarda ya\u015fanan siyasi s\u00fcre\u00e7 hepimizin malumudur. D\u00f6rt y\u0131l i\u00e7inde sekiz kez se\u00e7im yap\u0131lmas\u0131, asl\u0131nda \u00fclkede bir aray\u0131\u015f\u0131n, bir denge kurma \u00e7abas\u0131n\u0131n ve yeni bir siyasal istikrar ihtiyac\u0131n\u0131n g\u00f6stergesidir.<\/p>\n\n\n\n<p>1997 y\u0131l\u0131ndan bu yana ilk defa tek ba\u015f\u0131na iktidar tablosunun ortaya \u00e7\u0131kmas\u0131, Bulgaristan i\u00e7in yeni bir d\u00f6nemin kap\u0131s\u0131n\u0131 aralam\u0131\u015ft\u0131r.<\/p>\n\n\n\n<p>Bu d\u00f6nem yaln\u0131zca h\u00fck\u00fcmet de\u011fi\u015fikli\u011fi olarak g\u00f6r\u00fclmemelidir.<br \/>Bu d\u00f6nem; adaletin, e\u015fitli\u011fin, temsil hakk\u0131n\u0131n ve birlikte ya\u015fama iradesinin yeniden konu\u015fulmas\u0131 gereken bir f\u0131rsat d\u00f6nemi olarak g\u00f6r\u00fclmelidir.<\/p>\n\n\n\n<p>Art\u0131k temel soru \u015fudur:<\/p>\n\n\n\n<p>Nas\u0131l bir Bulgaristan istiyoruz?<\/p>\n\n\n\n<p>Bizim cevab\u0131m\u0131z a\u00e7\u0131kt\u0131r:<\/p>\n\n\n\n<p>Herkesin kendini e\u015fit vatanda\u015f olarak g\u00f6rd\u00fc\u011f\u00fc, kimli\u011finden, dilinden, inanc\u0131ndan veya k\u00f6keninden dolay\u0131 geri planda kalmad\u0131\u011f\u0131; adaletin sadece anayasal bir kelime de\u011fil, g\u00fcnl\u00fck hayat\u0131n ya\u015fayan bir ger\u00e7e\u011fi oldu\u011fu bir Bulgaristan istiyoruz.<\/p>\n\n\n\n<p>Bizler Bulgaristan\u2019da Avrupa Birli\u011fi vatanda\u015f\u0131y\u0131z. Evet, bu ifade kula\u011fa g\u00fc\u00e7l\u00fc geliyor. Avrupa Birli\u011fi denildi\u011finde akla demokrasi, insan haklar\u0131, \u00f6zg\u00fcrl\u00fckler, hukuk devleti ve e\u015fit vatanda\u015fl\u0131k geliyor.<\/p>\n\n\n\n<p>Fakat mesele sadece kula\u011fa ho\u015f gelen kavramlar de\u011fildir. As\u0131l mesele, bu kavramlar\u0131n sahada kar\u015f\u0131l\u0131k bulup bulmad\u0131\u011f\u0131d\u0131r.<\/p>\n\n\n\n<p>Ben de bir Bulgaristan vatanda\u015f\u0131y\u0131m. Bu \u00fclkenin bir par\u00e7as\u0131y\u0131m. Bu \u00fclkenin sorumluluklar\u0131n\u0131 ta\u015f\u0131yorum. Vergimi veriyorum, kanunlara uyuyorum, toplumsal hayata katk\u0131 sunuyorum. Ancak buna ra\u011fmen kendi \u00fclkemde siyasi temsil konusunda \u00f6n\u00fcm\u00fcze engeller \u00e7\u0131k\u0131yorsa, burada \u00fczerinde d\u00fc\u015f\u00fcn\u00fclmesi gereken ciddi bir \u00e7eli\u015fki vard\u0131r.<\/p>\n\n\n\n<p>Evet, yanl\u0131\u015f duymad\u0131n\u0131z: Avrupa Birli\u011fi vatanda\u015f\u0131 olmakla \u00f6v\u00fcn\u00fcyoruz ama tam temsil hakk\u0131 noktas\u0131nda h\u00e2l\u00e2 a\u015f\u0131lmas\u0131 gereken meselelerimiz var.<\/p>\n\n\n\n<p>Bu s\u00f6z\u00fc bir k\u0131rg\u0131nl\u0131kla de\u011fil, bir hakikat \u00e7a\u011fr\u0131s\u0131yla s\u00f6yl\u00fcyorum. \u00c7\u00fcnk\u00fc bizler \u015fik\u00e2yet eden de\u011fil, \u00e7\u00f6z\u00fcm \u00fcreten bir anlay\u0131\u015f\u0131n temsilcileriyiz.<\/p>\n\n\n\n<p>Bizim meselemiz kavga \u00e7\u0131karmak de\u011fildir.<br \/>Bizim meselemiz ayr\u0131l\u0131k \u00fcretmek de\u011fildir.<br \/>Bizim meselemiz kimseyi \u00f6tekile\u015ftirmek de\u011fildir.<\/p>\n\n\n\n<p>Bizim meselemiz; adaleti b\u00fcy\u00fctmek, temsil hakk\u0131n\u0131 g\u00fc\u00e7lendirmek, birlikte ya\u015fama iradesini daha sa\u011flam temellere oturtmakt\u0131r.<\/p>\n\n\n\n<p>\u00c7\u00fcnk\u00fc biliyoruz ki bir \u00fclkede bir toplum kendini eksik temsil edilmi\u015f hissediyorsa, o eksiklik sadece o topluma ait de\u011fildir.<br \/>O eksiklik, o \u00fclkenin demokrasisinin de eksikli\u011fidir.<\/p>\n\n\n\n<p>De\u011ferli karde\u015flerim,<\/p>\n\n\n\n<p>Bug\u00fcn burada \u00f6zellikle Suriye T\u00fcrkmen karde\u015flerimize de g\u00f6n\u00fclden seslenmek istiyorum.<\/p>\n\n\n\n<p>Sizler \u00e7ok zor \u015fartlardan ge\u00e7tiniz. A\u011f\u0131r bedeller \u00f6dediniz. Yurdunuzdan, evinizden, topra\u011f\u0131n\u0131zdan ayr\u0131 kald\u0131\u011f\u0131n\u0131z d\u00f6nemler oldu. Fakat b\u00fct\u00fcn bu zorluklara ra\u011fmen kimli\u011finizi, iradenizi ve temsil m\u00fccadelenizi ayakta tutmay\u0131 ba\u015fard\u0131n\u0131z.<\/p>\n\n\n\n<p>Bug\u00fcn T\u00fcrkiye\u2019den hem T\u00fcrk hem de Suriye vatanda\u015f\u0131 olarak Suriye Parlamentosunda sizleri temsil eden bir milletvekilinizin olmas\u0131, sadece bir siyasi ba\u015far\u0131 de\u011fildir. Bu, iradenin, sabr\u0131n, \u00f6rg\u00fctl\u00fc hareket etmenin ve do\u011fru stratejinin sonucudur.<\/p>\n\n\n\n<p>Bu bak\u0131mdan sizleri tebrik ediyorum.<\/p>\n\n\n\n<p>Hatta a\u00e7\u0131k\u00e7a ifade etmek isterim ki, bug\u00fc Suriye baz\u0131 y\u00f6nleriyle sizler bizi ge\u00e7mi\u015f durumdas\u0131n\u0131z. Yani Avrupa birli\u011fi vatanda\u015flar\u0131na vermedi\u011fi hakk\u0131 siz Suriyede alabilmi\u015fsiniz daha ne olsun. \u00c7\u00fcnk\u00fc temsil, bir toplumun g\u00f6r\u00fcn\u00fcrl\u00fc\u011f\u00fcd\u00fcr. Temsil, bir toplumun sesidir. Temsil, \u201cbiz de buraday\u0131z\u201d deme iradesidir.<\/p>\n\n\n\n<p>Bu noktada karde\u015fim Tarik Sulo Cevizci vekilimizi g\u00f6n\u00fclden kutluyorum. Allah yar ve yard\u0131mc\u0131s\u0131 olsun. \u00c7\u0131kt\u0131\u011f\u0131 bu yolda Rabbim onu mahcup etmesin. \u00dcstlendi\u011fi g\u00f6rev, yaln\u0131zca bir makam g\u00f6revi de\u011fil; ayn\u0131 zamanda b\u00fcy\u00fck bir emanet ve b\u00fcy\u00fck bir sorumluluktur.<\/p>\n\n\n\n<p>Onun ba\u015far\u0131s\u0131 sadece bir ki\u015finin ba\u015far\u0131s\u0131 de\u011fildir.<br \/>Bu ba\u015far\u0131; bir toplumun umudunun, eme\u011finin ve gelece\u011fe dair inanc\u0131n\u0131n ba\u015far\u0131s\u0131d\u0131r.<\/p>\n\n\n\n<p>K\u0131ymetli misafirler,<\/p>\n\n\n\n<p>Bug\u00fcn Avrupa\u2019n\u0131n, Balkanlar\u2019\u0131n, T\u00fcrkiye\u2019nin, Suriye T\u00fcrkmenlerinin ve b\u00fct\u00fcn T\u00fcrk d\u00fcnyas\u0131n\u0131n \u00f6n\u00fcnde duran temel mesele \u015fudur:<\/p>\n\n\n\n<p>Adalet nas\u0131l kurumsalla\u015ft\u0131r\u0131lacak?<br \/>Temsil nas\u0131l g\u00fc\u00e7lendirilecek?<br \/>Kimlikler nas\u0131l \u00e7at\u0131\u015fma sebebi olmaktan \u00e7\u0131kar\u0131l\u0131p ortak gelece\u011fin par\u00e7as\u0131 haline getirilecek?<\/p>\n\n\n\n<p>Bu sorulara verilecek cevaplar, sadece bug\u00fcn\u00fc de\u011fil, gelecek nesilleri de belirleyecektir.<\/p>\n\n\n\n<p>Medeniyet dedi\u011fimiz \u015fey; sadece y\u00fcksek binalar, g\u00fc\u00e7l\u00fc ekonomiler, b\u00fcy\u00fck kurumlar veya g\u00fczel s\u00f6zlerden ibaret de\u011fildir. Medeniyet, insan\u0131n kendini onurlu, e\u015fit, g\u00fcvende ve temsil edilmi\u015f hissetmesidir.<\/p>\n\n\n\n<p>Bir insan kendi kimli\u011fini saklamak zorunda kalmadan ya\u015fayabiliyorsa, orada medeniyet vard\u0131r.<br \/>Bir toplum hakk\u0131n\u0131 ararken d\u0131\u015flanm\u0131yorsa, orada demokrasi vard\u0131r.<br \/>Bir vatanda\u015f devlete aidiyet duyarken devlet de ona e\u015fit mesafede duruyorsa, orada adalet vard\u0131r.<\/p>\n\n\n\n<p>\u0130\u015fte bizim arad\u0131\u011f\u0131m\u0131z, savundu\u011fumuz ve in\u015fa etmek istedi\u011fimiz anlay\u0131\u015f budur.<\/p>\n\n\n\n<p>Biz Avrupa Birli\u011fi de\u011ferlerini reddetmiyoruz. Tam tersine, bu de\u011ferlerin ger\u00e7ek anlamda uygulanmas\u0131n\u0131 istiyoruz.<\/p>\n\n\n\n<p>\u00c7\u00fcnk\u00fc demokrasi sadece \u00e7o\u011funlu\u011fun y\u00f6netimi de\u011fildir; az\u0131nl\u0131klar\u0131n g\u00fcven i\u00e7inde ya\u015fad\u0131\u011f\u0131, herkesin haklar\u0131n\u0131n korundu\u011fu bir sistemdir.<\/p>\n\n\n\n<p>Bu sebeple bizim m\u00fccadelemiz sadece T\u00fcrklerin meselesi de\u011fildir. Bu m\u00fccadele; adil, g\u00fc\u00e7l\u00fc, huzurlu ve kapsay\u0131c\u0131 bir Bulgaristan isteyen herkesin meselesidir.<\/p>\n\n\n\n<p>Biz Bulgaristan\u2019da T\u00fcrklerle Bulgarlar\u0131n, M\u00fcsl\u00fcmanlarla Hristiyanlar\u0131n, farkl\u0131 k\u00f6kenden gelen b\u00fct\u00fcn vatanda\u015flar\u0131n kar\u015f\u0131l\u0131kl\u0131 sayg\u0131 ve ortak aidiyet duygusuyla ya\u015fayabilece\u011fi bir \u00fclke istiyoruz.<\/p>\n\n\n\n<p>Bu m\u00fcmk\u00fcn m\u00fcd\u00fcr?<\/p>\n\n\n\n<p>Evet, m\u00fcmk\u00fcnd\u00fcr.<\/p>\n\n\n\n<p>Ama bunun i\u00e7in \u00fc\u00e7 \u015feye ihtiya\u00e7 vard\u0131r:<\/p>\n\n\n\n<p>Birincisi, g\u00fc\u00e7l\u00fc bir haf\u0131za. Kim oldu\u011fumuzu, nereden geldi\u011fimizi ve hangi miras\u0131 ta\u015f\u0131d\u0131\u011f\u0131m\u0131z\u0131 unutmayaca\u011f\u0131z.<\/p>\n\n\n\n<p>\u0130kincisi, sa\u011flam bir strateji.<br \/>Sadece duygularla de\u011fil, ak\u0131lla, planla, sab\u0131rla ve kurumsal bilin\u00e7le hareket edece\u011fiz.<\/p>\n\n\n\n<p>\u00dc\u00e7\u00fcnc\u00fcs\u00fc, birlik.<br \/>Da\u011f\u0131n\u0131k duran toplumlar\u0131n sesi zay\u0131f \u00e7\u0131kar. Birlik olan toplumlar\u0131n sesi ise sadece duyulmaz; dikkate al\u0131n\u0131r.<\/p>\n\n\n\n<p>De\u011ferli karde\u015flerim,<\/p>\n\n\n\n<p>Bug\u00fcn d\u00fcnyada art\u0131k mesele sadece n\u00fcfus meselesi de\u011fildir. Mesele, organize olabilme meselesidir. Mesele, hakl\u0131l\u0131\u011f\u0131n\u0131 do\u011fru dille anlatabilme meselesidir. Mesele, duyguyu stratejiye, tarihi vizyona, kimli\u011fi g\u00fc\u00e7l\u00fc bir temsil iradesine d\u00f6n\u00fc\u015ft\u00fcrebilme meselesidir.<\/p>\n\n\n\n<p>Bizim art\u0131k sadece ge\u00e7mi\u015fin hat\u0131ralar\u0131yla avunmaya de\u011fil, gelece\u011fin kurumlar\u0131n\u0131 in\u015fa etmeye ihtiyac\u0131m\u0131z var.<\/p>\n\n\n\n<p>T\u00fcm T\u00fcrk D\u00fcnyas\u0131 Gen\u00e7lerimizi iyi yeti\u015ftirmeliyiz.<br \/>Dilimize, k\u00fclt\u00fcr\u00fcm\u00fcze ve tarihimize sahip \u00e7\u0131kmal\u0131y\u0131z.<br \/>Siyasette, akademide, ekonomide, diplomaside, sivil toplumda daha g\u00f6r\u00fcn\u00fcr olmal\u0131y\u0131z.<br \/>Hakl\u0131 davam\u0131z\u0131 g\u00fc\u00e7l\u00fc, sakin, kararl\u0131 ve medeni bir dille anlatmal\u0131y\u0131z.<\/p>\n\n\n\n<p>\u00c7\u00fcnk\u00fc hakl\u0131 olmak yetmez. Hakl\u0131l\u0131\u011f\u0131 do\u011fru zamanda, do\u011fru zeminde ve do\u011fru \u00fcslupla savunmak gerekir.<\/p>\n\n\n\n<p>Bug\u00fcn burada Suriye T\u00fcrkmenleri ile Rumeli T\u00fcrklerinin bir araya gelmesi de tesad\u00fcf de\u011fildir. Biz farkl\u0131 co\u011frafyalarda benzer kaderleri ya\u015fam\u0131\u015f topluluklar\u0131z. Bazen s\u0131n\u0131rlar de\u011fi\u015fmi\u015f, bazen rejimler de\u011fi\u015fmi\u015f, bazen y\u00f6netimler de\u011fi\u015fmi\u015f ama bizim ortak kimli\u011fimiz, ortak haf\u0131zam\u0131z ve ortak dayan\u0131\u015fma ruhumuz ayakta kalm\u0131\u015ft\u0131r.<\/p>\n\n\n\n<p>Bu dayan\u0131\u015fmay\u0131 g\u00fc\u00e7lendirmek zorunday\u0131z.<\/p>\n\n\n\n<p>\u00c7\u00fcnk\u00fc art\u0131k d\u00fcnya, yaln\u0131z kalanlar\u0131n de\u011fil; birlikte hareket edenlerin d\u00fcnyas\u0131d\u0131r.<\/p>\n\n\n\n<p>Suriye T\u00fcrkmenlerinin temsil m\u00fccadelesi, Balkan T\u00fcrklerine ilham olabilir. Balkan T\u00fcrklerinin as\u0131rl\u0131k birlikte ya\u015fama tecr\u00fcbesi, Suriye T\u00fcrkmenlerine katk\u0131 sunabilir. T\u00fcrkiye\u2019nin tarihi ve siyasi birikimi ise b\u00fct\u00fcn bu co\u011frafyalar aras\u0131nda g\u00fc\u00e7l\u00fc bir k\u00f6pr\u00fc vazifesi g\u00f6rebilir.<\/p>\n\n\n\n<p>Biz birbirimizin rakibi de\u011filiz.<br \/>Biz birbirimizin aynas\u0131y\u0131z.<br \/>Biz birbirimizin tamamlay\u0131c\u0131s\u0131y\u0131z.<\/p>\n\n\n\n<p>De\u011ferli misafirler,<\/p>\n\n\n\n<p>Bug\u00fcn buradan g\u00fc\u00e7l\u00fc bir mesaj vermek istiyorum:<\/p>\n\n\n\n<p>Biz kimseye kar\u015f\u0131 de\u011filiz.<br \/>Biz adaletten yanay\u0131z.<br \/>Biz birlikte ya\u015famaktan yanay\u0131z.<br \/>Biz e\u015fit vatanda\u015fl\u0131ktan yanay\u0131z.<br \/>Biz hukuktan, temsil hakk\u0131ndan ve ortak gelecekten yanay\u0131z.<\/p>\n\n\n\n<p>Bizim hayalimiz; \u00e7ocuklar\u0131m\u0131z\u0131n kimliklerinden dolay\u0131 geri durmad\u0131\u011f\u0131, gen\u00e7lerimizin siyasette ve toplum hayat\u0131nda daha fazla yer ald\u0131\u011f\u0131, kad\u0131nlar\u0131m\u0131z\u0131n daha g\u00fc\u00e7l\u00fc temsil edildi\u011fi, ya\u015fl\u0131lar\u0131m\u0131z\u0131n huzur i\u00e7inde ya\u015fad\u0131\u011f\u0131, b\u00fct\u00fcn vatanda\u015flar\u0131n gelece\u011fe g\u00fcvenle bakt\u0131\u011f\u0131 bir d\u00fczendir.<\/p>\n\n\n\n<p>Bunu ba\u015farmak kolay olmayabilir.<br \/>Fakat tarih bize \u015funu \u00f6\u011fretmi\u015ftir:<br \/>B\u00fcy\u00fck hedefler, b\u00fcy\u00fck sab\u0131r ister.<br \/>B\u00fcy\u00fck davalar, g\u00fc\u00e7l\u00fc karakter ister.<br \/>Kal\u0131c\u0131 kazan\u0131mlar ise ancak ak\u0131l, birlik ve fedak\u00e2rl\u0131kla elde edilir.<\/p>\n\n\n\n<p>Bu nedenle bizler \u00f6fkenin de\u011fil, akl\u0131n diliyle konu\u015faca\u011f\u0131z.<br \/>K\u0131rg\u0131nl\u0131\u011f\u0131n de\u011fil, in\u015fan\u0131n yolunu se\u00e7ece\u011fiz.<br \/>Sadece ele\u015ftirinin de\u011fil, \u00e7\u00f6z\u00fcm\u00fcn taraf\u0131nda duraca\u011f\u0131z.<\/p>\n\n\n\n<p>Ama bunu yaparken de hakk\u0131m\u0131z\u0131 unutturmayaca\u011f\u0131z.<br \/>Sesimizi k\u0131smayaca\u011f\u0131z. Temsil talebimizi ertelemeyece\u011fiz.<br \/>\u00c7\u00fcnk\u00fc adalet ertelendik\u00e7e eksilir; temsil geciktik\u00e7e g\u00fcven zay\u0131flar.<\/p>\n\n\n\n<p>K\u0131ymetli karde\u015flerim,<\/p>\n\n\n\n<p>Bug\u00fcn burada s\u00f6ylemek istedi\u011fim en \u00f6nemli c\u00fcmlelerden biri \u015fudur:<\/p>\n\n\n\n<p>Gelecek, sadece ge\u00e7mi\u015fiyle \u00f6v\u00fcnenlerin de\u011fil; ge\u00e7mi\u015finden g\u00fc\u00e7 al\u0131p yar\u0131n\u0131 planlayanlar\u0131n olacakt\u0131r.<\/p>\n\n\n\n<p>Biz ge\u00e7mi\u015fimizle gurur duyuyoruz.<br \/>Ama sadece ge\u00e7mi\u015fe bakarak y\u00fcr\u00fcmeyece\u011fiz. G\u00f6z\u00fcm\u00fcz gelecekte olacak. Ufkumuz geni\u015f olacak. Hedefimiz b\u00fcy\u00fck olacak.<\/p>\n\n\n\n<p>Rumeli\u2019den Suriye\u2019ye, Balkanlar\u2019dan Anadolu\u2019ya, T\u00fcrk d\u00fcnyas\u0131n\u0131n her k\u00f6\u015fesine uzanan bu b\u00fcy\u00fck g\u00f6n\u00fcl co\u011frafyas\u0131nda art\u0131k daha fazla isti\u015fareye, daha fazla dayan\u0131\u015fmaya, daha fazla kurumsal i\u015f birli\u011fine ihtiyac\u0131m\u0131z var.<\/p>\n\n\n\n<p>Sivil toplum kurulu\u015flar\u0131m\u0131z daha g\u00fc\u00e7l\u00fc olmal\u0131.<br \/>Gen\u00e7lik te\u015fkilatlar\u0131m\u0131z daha etkili \u00e7al\u0131\u015fmal\u0131.<br \/>Ayd\u0131nlar\u0131m\u0131z, kanaat \u00f6nderlerimiz ve siyaset\u00e7ilerimiz ortak ak\u0131lla hareket etmeli. K\u00fclt\u00fcrel ba\u011flar\u0131m\u0131z sadece hat\u0131ralarda de\u011fil, projelerde ve kurumlarda ya\u015famal\u0131d\u0131r.<\/p>\n\n\n\n<p>\u00c7\u00fcnk\u00fc bir toplumun gelece\u011fi, sadece duygularla de\u011fil; kurumlarla, e\u011fitimle, temsil g\u00fcc\u00fcyle ve stratejik ak\u0131lla korunur.<\/p>\n\n\n\n<p>De\u011ferli Ba\u015fkan\u0131m, k\u0131ymetli misafirler,<\/p>\n\n\n\n<p>Bu vesileyle Suriye T\u00fcrkmenleri Federasyonunun ortaya koydu\u011fu \u00e7al\u0131\u015fmalar\u0131 da \u00e7ok k\u0131ymetli buldu\u011fumu ifade etmek isterim.<\/p>\n\n\n\n<p>Bir toplumun sesi olmak, sadece toplant\u0131lar yapmak de\u011fildir. Bir toplumun sesi olmak; onun ac\u0131s\u0131n\u0131 ta\u015f\u0131mak, umudunu b\u00fcy\u00fctmek, sorunlar\u0131n\u0131 g\u00f6r\u00fcn\u00fcr k\u0131lmak ve \u00e7\u00f6z\u00fcm yollar\u0131 \u00fcretmektir.<\/p>\n\n\n\n<p>Bu anlamda eme\u011fi ge\u00e7en herkese te\u015fekk\u00fcr ediyorum.<\/p>\n\n\n\n<p>Tar\u0131k S\u00fclo vekilimizi bir kez daha tebrik ediyor, g\u00f6revinde \u00fcst\u00fcn ba\u015far\u0131lar diliyorum. \u0130n\u015fallah y\u00fcr\u00fctt\u00fc\u011f\u00fc \u00e7al\u0131\u015fmalar sadece Suriye T\u00fcrkmenlerine de\u011fil; t\u00fcm Suriye vatanda\u015flar\u0131 i\u00e7in adalet, temsil ve karde\u015flik aray\u0131\u015f\u0131nda olan b\u00fct\u00fcn topluluklara \u00f6rnek olur. En b\u00fcy\u00fck arzumuz insana insan oldu\u011fu i\u00e7in de\u011fer vermek olmal\u0131d\u0131r.<\/p>\n\n\n\n<p>Allah yar ve yard\u0131mc\u0131n\u0131z olsun.<br \/>Yolunuz a\u00e7\u0131k, gayretiniz bereketli, hizmetiniz daim olsun.<\/p>\n\n\n\n<p>Unutmayal\u0131m:<\/p>\n\n\n\n<p>G\u00fc\u00e7l\u00fc toplumlar, sadece haklar\u0131n\u0131 bilen toplumlar de\u011fildir.<br \/>G\u00fc\u00e7l\u00fc toplumlar; sorumluluklar\u0131n\u0131 yerine getiren, birlikte hareket eden, gen\u00e7lerini gelece\u011fe haz\u0131rlayan ve hakl\u0131 davas\u0131n\u0131 do\u011fru stratejiyle savunan toplumlard\u0131r.<\/p>\n\n\n\n<p>Bizler de bu bilin\u00e7le hareket edece\u011fiz.<\/p>\n\n\n\n<p>Daha adil bir Bulgaristan i\u00e7in,<br \/>Daha g\u00fc\u00e7l\u00fc bir Balkanlar i\u00e7in,<\/p>\n\n\n\n<p>Daha adil bir Suriye i\u00e7in,<br \/>Daha temsil g\u00fcc\u00fc y\u00fcksek bir T\u00fcrk D\u00fcnyas\u0131 i\u00e7in,<br \/>Ve daha huzurlu bir gelecek i\u00e7in birlikte \u00e7al\u0131\u015faca\u011f\u0131z.<\/p>\n\n\n\n<p>Bu duygu ve d\u00fc\u015f\u00fcncelerle hepinizi sayg\u0131yla, muhabbetle ve karde\u015flik duygular\u0131mla selaml\u0131yorum.<\/p>\n\n\n\n<p>Birli\u011fimiz daim, yolumuz a\u00e7\u0131k, davam\u0131z hay\u0131rl\u0131 olsun.<\/p>\n\n\n\n<figure class=\"wp-block-image size-full\"><img data-recalc-dims=\"1\" loading=\"lazy\" decoding=\"async\" width=\"810\" height=\"378\" src=\"https:\/\/i0.wp.com\/bulturk.org.tr\/v2\/wp-content\/uploads\/2026\/04\/suriye-trkmn.jpg?resize=810%2C378&#038;ssl=1\" alt=\"\" class=\"wp-image-10781\" srcset=\"https:\/\/i0.wp.com\/bulturk.org.tr\/v2\/wp-content\/uploads\/2026\/04\/suriye-trkmn.jpg?w=2048&amp;ssl=1 2048w, https:\/\/i0.wp.com\/bulturk.org.tr\/v2\/wp-content\/uploads\/2026\/04\/suriye-trkmn.jpg?w=1620&amp;ssl=1 1620w\" sizes=\"auto, (max-width: 810px) 100vw, 810px\" \/><\/figure>\n\n\n\n<figure class=\"wp-block-image size-full is-resized\"><img data-recalc-dims=\"1\" loading=\"lazy\" decoding=\"async\" width=\"736\" height=\"360\" src=\"https:\/\/i0.wp.com\/bulturk.org.tr\/v2\/wp-content\/uploads\/2026\/04\/rafet-suriye3.jpg?resize=736%2C360&#038;ssl=1\" alt=\"\" class=\"wp-image-10783\" style=\"aspect-ratio:2.0444897782021787;width:780px;height:auto\"\/><\/figure>\n","protected":false},"excerpt":{"rendered":"<p>Rafet ULUT\u00dcRK Say\u0131n Ba\u015fkan, Say\u0131n Komutan\u0131m, k\u0131ymetli misafirler, de\u011ferli dava ve g\u00f6n\u00fcl karde\u015flerim, Hepinizi en kalbi duygular\u0131mla, sayg\u0131yla ve muhabbetle selaml\u0131yorum. Bug\u00fcn burada, sadece bir konu\u015fma yapmak i\u00e7in de\u011fil; ortak haf\u0131zam\u0131z\u0131, ortak ac\u0131lar\u0131m\u0131z\u0131, ortak umutlar\u0131m\u0131z\u0131<\/p>\n","protected":false},"author":2,"featured_media":10779,"comment_status":"open","ping_status":"open","sticky":false,"template":"","format":"standard","meta":{"advanced_seo_description":"","jetpack_seo_html_title":"","jetpack_seo_noindex":false,"_jetpack_memberships_contains_paid_content":false,"footnotes":"","jetpack_publicize_message":"","jetpack_publicize_feature_enabled":true,"jetpack_social_post_already_shared":true,"jetpack_social_options":{"image_generator_settings":{"template":"highway","default_image_id":0,"font":"","enabled":false},"version":2}},"categories":[15],"tags":[],"class_list":["post-10778","post","type-post","status-publish","format-standard","has-post-thumbnail","hentry","category-yazilar"],"jetpack_publicize_connections":[],"jetpack_featured_media_url":"https:\/\/i0.wp.com\/bulturk.org.tr\/v2\/wp-content\/uploads\/2026\/04\/rafet-suriye2.jpg?fit=235%2C242&ssl=1","jetpack_sharing_enabled":true,"jetpack_likes_enabled":true,"jetpack-related-posts":[],"jetpack_shortlink":"https:\/\/wp.me\/pc3fMN-2NQ","_links":{"self":[{"href":"https:\/\/bulturk.org.tr\/v2\/wp-json\/wp\/v2\/posts\/10778","targetHints":{"allow":["GET"]}}],"collection":[{"href":"https:\/\/bulturk.org.tr\/v2\/wp-json\/wp\/v2\/posts"}],"about":[{"href":"https:\/\/bulturk.org.tr\/v2\/wp-json\/wp\/v2\/types\/post"}],"author":[{"embeddable":true,"href":"https:\/\/bulturk.org.tr\/v2\/wp-json\/wp\/v2\/users\/2"}],"replies":[{"embeddable":true,"href":"https:\/\/bulturk.org.tr\/v2\/wp-json\/wp\/v2\/comments?post=10778"}],"version-history":[{"count":4,"href":"https:\/\/bulturk.org.tr\/v2\/wp-json\/wp\/v2\/posts\/10778\/revisions"}],"predecessor-version":[{"id":10785,"href":"https:\/\/bulturk.org.tr\/v2\/wp-json\/wp\/v2\/posts\/10778\/revisions\/10785"}],"wp:featuredmedia":[{"embeddable":true,"href":"https:\/\/bulturk.org.tr\/v2\/wp-json\/wp\/v2\/media\/10779"}],"wp:attachment":[{"href":"https:\/\/bulturk.org.tr\/v2\/wp-json\/wp\/v2\/media?parent=10778"}],"wp:term":[{"taxonomy":"category","embeddable":true,"href":"https:\/\/bulturk.org.tr\/v2\/wp-json\/wp\/v2\/categories?post=10778"},{"taxonomy":"post_tag","embeddable":true,"href":"https:\/\/bulturk.org.tr\/v2\/wp-json\/wp\/v2\/tags?post=10778"}],"curies":[{"name":"wp","href":"https:\/\/api.w.org\/{rel}","templated":true}]}}