{"id":10800,"date":"2026-04-27T18:00:08","date_gmt":"2026-04-27T15:00:08","guid":{"rendered":"https:\/\/bulturk.org.tr\/v2\/?p=10800"},"modified":"2026-04-27T18:00:08","modified_gmt":"2026-04-27T15:00:08","slug":"mayis-uyanisin-ayi-topraktan-millete","status":"publish","type":"post","link":"https:\/\/bulturk.org.tr\/v2\/mayis-uyanisin-ayi-topraktan-millete\/","title":{"rendered":"May\u0131s: Uyan\u0131\u015f\u0131n Ay\u0131, Topraktan Millete"},"content":{"rendered":"\n<p>\u0130brahim SOYT\u00dcRK<\/p>\n\n\n\n<p>May\u0131s geldi\u011finde yaln\u0131zca mevsim de\u011fi\u015fmez; hayat\u0131n ritmi de de\u011fi\u015fir. Uzun bir k\u0131\u015f\u0131n ard\u0131ndan toprak nas\u0131l sessizli\u011fini bozup uyan\u0131yorsa, insan da, toplum da, millet de kendi i\u00e7 uykusundan s\u0131yr\u0131lmaya ba\u015flar. Bu y\u00fczden May\u0131s, sadece bir bahar ay\u0131 de\u011fil; bir uyan\u0131\u015f\u0131n ad\u0131d\u0131r.<\/p>\n\n\n\n<p>Topra\u011f\u0131n Uyan\u0131\u015f\u0131: Sessiz Bir Mucize<\/p>\n\n\n\n<p>K\u0131\u015f boyunca donmu\u015f, susmu\u015f, i\u00e7ine \u00e7ekilmi\u015f toprak; May\u0131s\u2019ta yeniden nefes al\u0131r. \u00c7atlayan kabuklar\u0131n alt\u0131ndan filizler ba\u015f verir. A\u011fa\u00e7lar \u00e7i\u00e7e\u011fe durur, ku\u015flar yeniden g\u00f6ky\u00fcz\u00fcn\u00fc doldurur. Do\u011fa bize her y\u0131l ayn\u0131 ger\u00e7e\u011fi hat\u0131rlat\u0131r:<br \/>Hi\u00e7bir uyku sonsuz de\u011fildir.<\/p>\n\n\n\n<p>Toprak sabreder, bekler ve zaman\u0131 geldi\u011finde b\u00fct\u00fcn g\u00fczelli\u011fini ortaya koyar. Bu sab\u0131r, bu direni\u015f, bu sessiz haz\u0131rl\u0131k asl\u0131nda insan\u0131n ve toplumun da aynas\u0131d\u0131r.<\/p>\n\n\n\n<p>Milletin Uyan\u0131\u015f\u0131: Haf\u0131zan\u0131n Dirili\u015fi<\/p>\n\n\n\n<p>Toprak gibi millet de bazen yorulur, susar, i\u00e7ine kapan\u0131r. Zor zamanlar ya\u015far, s\u0131nan\u0131r, hatta unutmaya ba\u015flar. Ama her milletin i\u00e7inde onu yeniden aya\u011fa kald\u0131racak bir \u00f6z vard\u0131r.<\/p>\n\n\n\n<p>May\u0131s, bu anlamda tarih boyunca bir hat\u0131rlay\u0131\u015f ay\u0131 olmu\u015ftur. Eme\u011fin de\u011ferini hat\u0131rlatan g\u00fcnler, kimli\u011fi ve k\u00fclt\u00fcr\u00fc diri tutan anmalar, gen\u00e7li\u011fe umut a\u015f\u0131layan ba\u015flang\u0131\u00e7lar ve tarihin y\u00f6n\u00fcn\u00fc de\u011fi\u015ftiren b\u00fcy\u00fck zaferler\u2026 Hepsi May\u0131s\u2019\u0131n i\u00e7inde sakl\u0131d\u0131r.<\/p>\n\n\n\n<p>Bu y\u00fczden May\u0131s, yaln\u0131zca do\u011fan\u0131n de\u011fil; millet haf\u0131zas\u0131n\u0131n da uyan\u0131\u015f\u0131d\u0131r.<\/p>\n\n\n\n<p>Uyanmak: Hat\u0131rlamak ve Sorumluluk Almak<\/p>\n\n\n\n<p>Ger\u00e7ek uyan\u0131\u015f sadece g\u00f6zlerin a\u00e7\u0131lmas\u0131 de\u011fildir; kalbin, akl\u0131n ve vicdan\u0131n da harekete ge\u00e7mesidir.<br \/>Bir milletin uyan\u0131\u015f\u0131;<\/p>\n\n\n\n<p>Eme\u011fe sahip \u00e7\u0131kmas\u0131yla,<\/p>\n\n\n\n<p>De\u011ferlerini unutmamas\u0131yla,<\/p>\n\n\n\n<p>Gen\u00e7li\u011fine g\u00fcvenmesiyle,<\/p>\n\n\n\n<p>Ge\u00e7mi\u015finden ders almas\u0131yla m\u00fcmk\u00fcn olur.<\/p>\n\n\n\n<p>T\u0131pk\u0131 topra\u011f\u0131n kendi \u00f6z\u00fcnden yeniden filiz vermesi gibi, millet de kendi k\u00f6klerinden g\u00fc\u00e7 alarak yeniden do\u011frulur.<\/p>\n\n\n\n<p>Bahar Sadece Mevsim De\u011fildir<\/p>\n\n\n\n<p>May\u0131s bize \u015funu \u00f6\u011fretir: Bahar d\u0131\u015far\u0131da ba\u015flamaz, i\u00e7eride ba\u015flar.<br \/>E\u011fer insan\u0131n i\u00e7inde umut ye\u015fermiyorsa, en g\u00fczel \u00e7i\u00e7ekler bile eksik kal\u0131r. Ama i\u00e7imizde bir umut varsa, en kurak zaman bile bahara d\u00f6nebilir.<\/p>\n\n\n\n<p>Topra\u011f\u0131n uyan\u0131\u015f\u0131 g\u00f6zle g\u00f6r\u00fcl\u00fcr; ama milletin uyan\u0131\u015f\u0131 kalple hissedilir. Bu uyan\u0131\u015f bazen bir fikirle, bazen bir s\u00f6zle, bazen de bir ad\u0131mla ba\u015flar.<\/p>\n\n\n\n<p>Uyan\u0131\u015f\u0131n Sorumlulu\u011fu<\/p>\n\n\n\n<p>Uyanmak bir ba\u015flang\u0131\u00e7t\u0131r, ama as\u0131l mesele uyan\u0131k kalabilmektir.<br \/>Toprak her y\u0131l uyan\u0131r, \u00e7\u00fcnk\u00fc do\u011fas\u0131 gere\u011fi bunu yapar.<br \/>Peki ya biz?<\/p>\n\n\n\n<p>Bir millet olarak uyan\u0131k kalmak;<br \/>adaleti g\u00f6zetmek,<br \/>birbirimizi anlamak,<br \/>do\u011fay\u0131 korumak,<br \/>gelece\u011fe umut b\u0131rakmakla m\u00fcmk\u00fcnd\u00fcr.<\/p>\n\n\n\n<p>May\u0131s\u2019\u0131n \u00c7a\u011fr\u0131s\u0131<\/p>\n\n\n\n<p>May\u0131s, her y\u0131l kap\u0131m\u0131z\u0131 \u00e7alar ve ayn\u0131 soruyu sorar:<br \/>\u201cHaz\u0131r m\u0131s\u0131n yeniden ba\u015flamaya?\u201d<\/p>\n\n\n\n<p>Toprak cevab\u0131n\u0131 \u00e7oktan vermi\u015ftir; \u00e7i\u00e7ek a\u00e7arak\u2026<br \/>\u015eimdi s\u0131ra bizde.<\/p>\n\n\n\n<p>\u00c7\u00fcnk\u00fc May\u0131s, uyan\u0131\u015f\u0131n ay\u0131d\u0131r.<br \/>Ve unutulmamal\u0131d\u0131r ki;<br \/>toprak gibi millet de uyan\u0131r\u2026 yeter ki i\u00e7inde umut, sab\u0131r ve inan\u00e7 t\u00fckenmesin.<\/p>\n","protected":false},"excerpt":{"rendered":"<p>\u0130brahim SOYT\u00dcRK May\u0131s geldi\u011finde yaln\u0131zca mevsim de\u011fi\u015fmez; hayat\u0131n ritmi de de\u011fi\u015fir. Uzun bir k\u0131\u015f\u0131n ard\u0131ndan toprak nas\u0131l sessizli\u011fini bozup uyan\u0131yorsa, insan da, toplum da, millet de kendi i\u00e7 uykusundan s\u0131yr\u0131lmaya ba\u015flar. Bu y\u00fczden May\u0131s, sadece<\/p>\n","protected":false},"author":4,"featured_media":10427,"comment_status":"open","ping_status":"open","sticky":false,"template":"","format":"standard","meta":{"advanced_seo_description":"","jetpack_seo_html_title":"","jetpack_seo_noindex":false,"_jetpack_memberships_contains_paid_content":false,"footnotes":"","jetpack_publicize_message":"","jetpack_publicize_feature_enabled":true,"jetpack_social_post_already_shared":true,"jetpack_social_options":{"image_generator_settings":{"template":"highway","default_image_id":0,"font":"","enabled":false},"version":2}},"categories":[15],"tags":[],"class_list":["post-10800","post","type-post","status-publish","format-standard","has-post-thumbnail","hentry","category-yazilar"],"jetpack_publicize_connections":[],"jetpack_featured_media_url":"https:\/\/i0.wp.com\/bulturk.org.tr\/v2\/wp-content\/uploads\/2026\/03\/ibrahim-soyturk-1-300x300-1.jpg?fit=300%2C300&ssl=1","jetpack_sharing_enabled":true,"jetpack_likes_enabled":true,"jetpack-related-posts":[],"jetpack_shortlink":"https:\/\/wp.me\/pc3fMN-2Oc","_links":{"self":[{"href":"https:\/\/bulturk.org.tr\/v2\/wp-json\/wp\/v2\/posts\/10800","targetHints":{"allow":["GET"]}}],"collection":[{"href":"https:\/\/bulturk.org.tr\/v2\/wp-json\/wp\/v2\/posts"}],"about":[{"href":"https:\/\/bulturk.org.tr\/v2\/wp-json\/wp\/v2\/types\/post"}],"author":[{"embeddable":true,"href":"https:\/\/bulturk.org.tr\/v2\/wp-json\/wp\/v2\/users\/4"}],"replies":[{"embeddable":true,"href":"https:\/\/bulturk.org.tr\/v2\/wp-json\/wp\/v2\/comments?post=10800"}],"version-history":[{"count":1,"href":"https:\/\/bulturk.org.tr\/v2\/wp-json\/wp\/v2\/posts\/10800\/revisions"}],"predecessor-version":[{"id":10801,"href":"https:\/\/bulturk.org.tr\/v2\/wp-json\/wp\/v2\/posts\/10800\/revisions\/10801"}],"wp:featuredmedia":[{"embeddable":true,"href":"https:\/\/bulturk.org.tr\/v2\/wp-json\/wp\/v2\/media\/10427"}],"wp:attachment":[{"href":"https:\/\/bulturk.org.tr\/v2\/wp-json\/wp\/v2\/media?parent=10800"}],"wp:term":[{"taxonomy":"category","embeddable":true,"href":"https:\/\/bulturk.org.tr\/v2\/wp-json\/wp\/v2\/categories?post=10800"},{"taxonomy":"post_tag","embeddable":true,"href":"https:\/\/bulturk.org.tr\/v2\/wp-json\/wp\/v2\/tags?post=10800"}],"curies":[{"name":"wp","href":"https:\/\/api.w.org\/{rel}","templated":true}]}}