{"id":10819,"date":"2026-04-30T23:11:10","date_gmt":"2026-04-30T20:11:10","guid":{"rendered":"https:\/\/bulturk.org.tr\/v2\/?p=10819"},"modified":"2026-04-30T23:29:02","modified_gmt":"2026-04-30T20:29:02","slug":"bir-hayirli-olsun-ziyaretinden-fazlasi-balkan-hafizasi-kultur-ve-gelecek","status":"publish","type":"post","link":"https:\/\/bulturk.org.tr\/v2\/bir-hayirli-olsun-ziyaretinden-fazlasi-balkan-hafizasi-kultur-ve-gelecek\/","title":{"rendered":"Bir Hay\u0131rl\u0131 Olsun Ziyaretinden Fazlas\u0131: Balkan Haf\u0131zas\u0131, K\u00fclt\u00fcr ve Gelecek"},"content":{"rendered":"\n<h2 class=\"wp-block-heading\">Bir Ziyaretten Daha Fazlas\u0131<\/h2>\n\n\n\n<p>BULT\u00dcRK Derne\u011fi olarak, \u0130stanbul MHP Kad\u0131n, Aile, \u00c7ocuk ve Engelli Politikalar\u0131ndan Sorumlu \u0130l Ba\u015fkan Yard\u0131mc\u0131l\u0131\u011f\u0131 g\u00f6revine getirilen Say\u0131n B\u00fc\u015fra D\u00fczg\u00fcn\u2019e hay\u0131rl\u0131 olsun ziyaretinde bulunduk.<\/p>\n\n\n\n<p>G\u00f6r\u00fc\u015fmede Bulgaristan\u2019daki genel se\u00e7imler ve soyda\u015flar\u0131m\u0131z\u0131n durumu \u00fczerine konu\u015ftuk. Bulgaristan\u2019\u0131n T\u00fcrkiye i\u00e7in yaln\u0131zca bir kom\u015fu olmad\u0131\u011f\u0131n\u0131 vurgulad\u0131k. Kap\u0131kule S\u0131n\u0131r Kap\u0131s\u0131, Avrupa ile Asya aras\u0131ndaki en \u00f6nemli ge\u00e7i\u015f noktalar\u0131ndan biridir. Bu da Bulgaristan\u2019\u0131n stratejik \u00f6nemini a\u00e7\u0131k\u00e7a g\u00f6stermektedir.<\/p>\n\n\n\n<p>Bulgaristan T\u00fcrklerinin meseleleri, sadece d\u0131\u015f politika konusu de\u011fildir. Bu konu, tarih, k\u00fclt\u00fcr ve kimlik meselesidir. Balkanlar, bizim ortak haf\u0131zam\u0131zd\u0131r.<\/p>\n\n\n\n<p>Ziyarette, derne\u011fimizin en k\u00fc\u00e7\u00fck \u00fcyelerinin haz\u0131rlad\u0131\u011f\u0131 iki kitab\u0131 da takdim ettik. Tuana \u00c7ak\u0131r\u2019\u0131n <em>\u201cK\u00f6\u015feler K\u00f6y\u00fc Kuzenleri\u201d<\/em> ve Beril Soyt\u00fcrk\u2019\u00fcn <em>\u201cK\u0131rcaali Boyama Kitab\u0131\u201d<\/em>, \u00e7ocuklara kendi k\u00fclt\u00fcr\u00fcn\u00fc anlatan de\u011ferli eserlerdir.<\/p>\n\n\n\n<p>\u00c7ocuklar kendi hik\u00e2yesini bilirse, kimli\u011fini daha g\u00fc\u00e7l\u00fc korur.<\/p>\n\n\n\n<p>Samimi bir sohbet ve hat\u0131ra foto\u011fraf\u0131yla tamamlanan bu ziyaret, k\u00fclt\u00fcr, siyaset ve sivil toplumun ortak sorumlulu\u011funu bir kez daha hat\u0131rlatt\u0131.<\/p>\n\n\n\n<figure class=\"wp-block-image size-full\"><img data-recalc-dims=\"1\" loading=\"lazy\" decoding=\"async\" width=\"810\" height=\"1298\" src=\"https:\/\/i0.wp.com\/bulturk.org.tr\/v2\/wp-content\/uploads\/2026\/04\/3b3931ed-19c4-4a94-b6f7-9a611151580b-1.jpg?resize=810%2C1298&#038;ssl=1\" alt=\"\" class=\"wp-image-10822\"\/><\/figure>\n\n\n\n<p>BULT\u00dcRK Derne\u011fi olarak Say\u0131n B\u00fc\u015fra D\u00fczg\u00fcn han\u0131mefendiye yeni g\u00f6revinde ba\u015far\u0131lar diliyor; kad\u0131n, aile, \u00e7ocuk ve engelli politikalar\u0131 alan\u0131nda ger\u00e7ekle\u015ftirece\u011fi \u00e7al\u0131\u015fmalar\u0131n hay\u0131rlara vesile olmas\u0131n\u0131 temenni ediyoruz. De\u011ferli Ba\u015fkan\u0131m\u0131za, nazik ev sahipli\u011fi ve misafirperverli\u011fi i\u00e7in te\u015fekk\u00fcr ederiz<\/p>\n\n\n\n<p>BULT\u00dcRK olarak Balkanlar\u0131n sesini duyurmaya, Bulgaristan T\u00fcrklerinin meselelerini g\u00fcndemde tutmaya ve \u00e7ocuklar\u0131m\u0131z\u0131 kendi k\u00fclt\u00fcrel k\u00f6kleriyle bulu\u015fturmaya kararl\u0131l\u0131kla devam edece\u011fiz.<\/p>\n\n\n\n<figure class=\"wp-block-image size-full\"><img data-recalc-dims=\"1\" loading=\"lazy\" decoding=\"async\" width=\"810\" height=\"1298\" src=\"https:\/\/i0.wp.com\/bulturk.org.tr\/v2\/wp-content\/uploads\/2026\/04\/Kadin-kollari-MHP-ist.jpg?resize=810%2C1298&#038;ssl=1\" alt=\"\" class=\"wp-image-10825\"\/><\/figure>\n","protected":false},"excerpt":{"rendered":"<p>Bir Ziyaretten Daha Fazlas\u0131 BULT\u00dcRK Derne\u011fi olarak, \u0130stanbul MHP Kad\u0131n, Aile, \u00c7ocuk ve Engelli Politikalar\u0131ndan Sorumlu \u0130l Ba\u015fkan Yard\u0131mc\u0131l\u0131\u011f\u0131 g\u00f6revine getirilen Say\u0131n B\u00fc\u015fra D\u00fczg\u00fcn\u2019e hay\u0131rl\u0131 olsun ziyaretinde bulunduk. G\u00f6r\u00fc\u015fmede Bulgaristan\u2019daki genel se\u00e7imler ve soyda\u015flar\u0131m\u0131z\u0131n durumu<\/p>\n","protected":false},"author":2,"featured_media":10821,"comment_status":"open","ping_status":"open","sticky":false,"template":"","format":"standard","meta":{"advanced_seo_description":"","jetpack_seo_html_title":"","jetpack_seo_noindex":false,"_jetpack_memberships_contains_paid_content":false,"footnotes":"","jetpack_publicize_message":"","jetpack_publicize_feature_enabled":true,"jetpack_social_post_already_shared":true,"jetpack_social_options":{"image_generator_settings":{"template":"highway","default_image_id":0,"font":"","enabled":false},"version":2}},"categories":[21],"tags":[],"class_list":["post-10819","post","type-post","status-publish","format-standard","has-post-thumbnail","hentry","category-faaliyetlerimiz"],"jetpack_publicize_connections":[],"jetpack_featured_media_url":"https:\/\/i0.wp.com\/bulturk.org.tr\/v2\/wp-content\/uploads\/2026\/04\/MHP-Busra1.jpg?fit=398%2C636&ssl=1","jetpack_sharing_enabled":true,"jetpack_likes_enabled":true,"jetpack-related-posts":[],"jetpack_shortlink":"https:\/\/wp.me\/pc3fMN-2Ov","_links":{"self":[{"href":"https:\/\/bulturk.org.tr\/v2\/wp-json\/wp\/v2\/posts\/10819","targetHints":{"allow":["GET"]}}],"collection":[{"href":"https:\/\/bulturk.org.tr\/v2\/wp-json\/wp\/v2\/posts"}],"about":[{"href":"https:\/\/bulturk.org.tr\/v2\/wp-json\/wp\/v2\/types\/post"}],"author":[{"embeddable":true,"href":"https:\/\/bulturk.org.tr\/v2\/wp-json\/wp\/v2\/users\/2"}],"replies":[{"embeddable":true,"href":"https:\/\/bulturk.org.tr\/v2\/wp-json\/wp\/v2\/comments?post=10819"}],"version-history":[{"count":6,"href":"https:\/\/bulturk.org.tr\/v2\/wp-json\/wp\/v2\/posts\/10819\/revisions"}],"predecessor-version":[{"id":10830,"href":"https:\/\/bulturk.org.tr\/v2\/wp-json\/wp\/v2\/posts\/10819\/revisions\/10830"}],"wp:featuredmedia":[{"embeddable":true,"href":"https:\/\/bulturk.org.tr\/v2\/wp-json\/wp\/v2\/media\/10821"}],"wp:attachment":[{"href":"https:\/\/bulturk.org.tr\/v2\/wp-json\/wp\/v2\/media?parent=10819"}],"wp:term":[{"taxonomy":"category","embeddable":true,"href":"https:\/\/bulturk.org.tr\/v2\/wp-json\/wp\/v2\/categories?post=10819"},{"taxonomy":"post_tag","embeddable":true,"href":"https:\/\/bulturk.org.tr\/v2\/wp-json\/wp\/v2\/tags?post=10819"}],"curies":[{"name":"wp","href":"https:\/\/api.w.org\/{rel}","templated":true}]}}