{"id":11309,"date":"2026-08-31T11:46:58","date_gmt":"2026-08-31T08:46:58","guid":{"rendered":"https:\/\/bulturk.org.tr\/v2\/?p=11309"},"modified":"2026-08-31T11:46:58","modified_gmt":"2026-08-31T08:46:58","slug":"kapitan-andrevodaki-cihaz-sadece-bir-teknik-bulgu-degil-bulgaristan-devletinin-sinavi","status":"publish","type":"post","link":"https:\/\/bulturk.org.tr\/v2\/kapitan-andrevodaki-cihaz-sadece-bir-teknik-bulgu-degil-bulgaristan-devletinin-sinavi\/","title":{"rendered":"Kapitan Andrevo\u2019daki Cihaz Sadece Bir Teknik Bulgu De\u011fil: Bulgaristan Devletinin S\u0131nav\u0131"},"content":{"rendered":"\n<p class=\"wp-block-paragraph\">Rafet ULUT\u00dcRK<br \/>BULT\u00dcRK Genel Ba\u015fkan\u0131<\/p>\n\n\n\n<p class=\"wp-block-paragraph\">Bulgaristan\u2019da son g\u00fcnlerde ortaya \u00e7\u0131kan geli\u015fmeler, s\u0131radan bir adli operasyon olarak g\u00f6r\u00fclmemelidir. \u00c7\u00fcnk\u00fc mesele yaln\u0131zca bir evde bulunan kay\u0131t cihaz\u0131, s\u00f6k\u00fclm\u00fc\u015f teknik par\u00e7alar veya g\u00fc\u00e7l\u00fc bir GPS kar\u0131\u015ft\u0131rma sistemi de\u011fildir.<\/p>\n\n\n\n<p class=\"wp-block-paragraph\">As\u0131l mesele \u015fudur:<br \/>Devletin stratejik bir s\u0131n\u0131r kap\u0131s\u0131n\u0131n \u00e7evresinde, y\u0131llarca kimler ne yapt\u0131, kimler g\u00f6rd\u00fc, kimler g\u00f6rmezden geldi ve kimler korudu?<\/p>\n\n\n\n<p class=\"wp-block-paragraph\">\u0130\u00e7i\u015fleri Bakan\u0131 \u0130van Demerciev\u2019in a\u00e7\u0131klamalar\u0131na g\u00f6re Kapitan Andreevo yak\u0131n\u0131ndaki bir evde, \u00e7evredeki g\u00fcvenlik kameralar\u0131n\u0131n g\u00f6r\u00fcnt\u00fclerini kaydeden bir cihaz ele ge\u00e7irildi. Bakanl\u0131k ayn\u0131 operasyonlar kapsam\u0131nda Sofya\u2019n\u0131n Dragalevtsi b\u00f6lgesinde g\u00fc\u00e7l\u00fc bir GPS sinyal kar\u0131\u015ft\u0131rma sistemi bulundu\u011funu, sistemin bir y\u0131ldan uzun s\u00fcre \u00e7al\u0131\u015ft\u0131\u011f\u0131na dair veriler oldu\u011funu ve hava ara\u00e7lar\u0131n\u0131n sinyallerini etkilemek amac\u0131yla kullan\u0131lm\u0131\u015f olabilece\u011finin ara\u015ft\u0131r\u0131ld\u0131\u011f\u0131n\u0131 a\u00e7\u0131klad\u0131.<\/p>\n\n\n\n<p class=\"wp-block-paragraph\">Bu a\u00e7\u0131klama tek ba\u015f\u0131na bile Bulgaristan a\u00e7\u0131s\u0131ndan \u00e7ok ciddi sorular do\u011furmaktad\u0131r.<\/p>\n\n\n\n<p class=\"wp-block-paragraph\">KAPITAN ANDREEVO B\u0130R SINIR KAPISINDAN FAZLASIDIR<\/p>\n\n\n\n<p class=\"wp-block-paragraph\">Kapitan Andreevo, Bulgaristan-T\u00fcrkiye s\u0131n\u0131r\u0131n\u0131n en \u00f6nemli ge\u00e7i\u015f noktalar\u0131ndan biridir.<\/p>\n\n\n\n<p class=\"wp-block-paragraph\">Ama stratejik a\u00e7\u0131dan bak\u0131ld\u0131\u011f\u0131nda buras\u0131 yaln\u0131zca iki \u00fclke aras\u0131ndaki bir kap\u0131 de\u011fildir.<\/p>\n\n\n\n<p class=\"wp-block-paragraph\">Buras\u0131;<br \/>T\u00fcrkiye ile Avrupa aras\u0131ndaki kara ticaretinin,<br \/>uluslararas\u0131 ta\u015f\u0131mac\u0131l\u0131\u011f\u0131n,<br \/>g\u00fcmr\u00fck hareketlerinin,<br \/>insan dola\u015f\u0131m\u0131n\u0131n,<br \/>g\u00fcvenlik zincirinin<br \/>ve Avrupa Birli\u011fi\u2019nin d\u0131\u015f s\u0131n\u0131rlar\u0131ndan birinin d\u00fc\u011f\u00fcm noktas\u0131d\u0131r.<\/p>\n\n\n\n<p class=\"wp-block-paragraph\">Dolay\u0131s\u0131yla b\u00f6yle bir b\u00f6lgede kurulan her yasa d\u0131\u015f\u0131 teknik sistem, yaln\u0131zca yerel su\u00e7 meselesi de\u011fildir.<\/p>\n\n\n\n<p class=\"wp-block-paragraph\">Bu, ulusal g\u00fcvenlik meselesidir.<br \/>Dahas\u0131, Avrupa g\u00fcvenli\u011fi meselesidir.<\/p>\n\n\n\n<p class=\"wp-block-paragraph\">Bug\u00fcn Bulgaristan makamlar\u0131n\u0131n \u00f6n\u00fcnde duran g\u00f6rev, birka\u00e7 ki\u015fiyi g\u00f6zalt\u0131na almakla bitecek bir g\u00f6rev de\u011fildir.<br \/>Devlet b\u00fct\u00fcn a\u011f\u0131 ortaya \u00e7\u0131karmak zorundad\u0131r.<\/p>\n\n\n\n<p class=\"wp-block-paragraph\">KAMERALARI K\u0130M, NEDEN KAYDETT\u0130?<\/p>\n\n\n\n<p class=\"wp-block-paragraph\">\u0130\u00e7i\u015fleri Bakan\u0131 Demerciev\u2019in a\u00e7\u0131klamalar\u0131ndaki en dikkat \u00e7ekici ayr\u0131nt\u0131lardan biri, Kapitan Andreevo yak\u0131n\u0131ndaki evde bulunan cihaz\u0131n, tesisi koruyan \u00e7ok say\u0131daki kameran\u0131n g\u00f6r\u00fcnt\u00fclerini kaydetti\u011finin belirtilmesidir. Bakan, cihazdaki kay\u0131tlar\u0131n incelenmesinden \u201cilgin\u00e7 bilgiler\u201d \u00e7\u0131kabilece\u011fini ifade etti.<\/p>\n\n\n\n<p class=\"wp-block-paragraph\">Burada kamuoyunun sormas\u0131 gereken sorular vard\u0131r:<\/p>\n\n\n\n<p class=\"wp-block-paragraph\">Bu kameralar neyi g\u00f6r\u00fcnt\u00fcl\u00fcyordu?<br \/>Kimlerin giri\u015f \u00e7\u0131k\u0131\u015flar\u0131n\u0131 kaydediyordu?<br \/>Bu g\u00f6r\u00fcnt\u00fcler yaln\u0131zca g\u00fcvenlik amac\u0131yla m\u0131 tutuluyordu?<\/p>\n\n\n\n<p class=\"wp-block-paragraph\">Yoksa y\u0131llar i\u00e7inde insanlar\u0131n, ara\u00e7lar\u0131n, devlet g\u00f6revlilerinin veya ticari hareketlerin takip edildi\u011fi \u00f6zel bir bilgi ar\u015fivi mi olu\u015fturuldu?<\/p>\n\n\n\n<p class=\"wp-block-paragraph\">E\u011fer b\u00f6yle bir ar\u015fiv varsa kimlerin eline ge\u00e7ti?<br \/>Kimler bundan yararland\u0131?<br \/>Bunlar\u0131n tamam\u0131 ba\u011f\u0131ms\u0131z bi\u00e7imde ara\u015ft\u0131r\u0131lmal\u0131d\u0131r.<\/p>\n\n\n\n<p class=\"wp-block-paragraph\">\u00c7\u00fcnk\u00fc modern d\u00fcnyada bilgi, para kadar de\u011ferlidir.<br \/>Bazen paradan da de\u011ferlidir.<\/p>\n\n\n\n<p class=\"wp-block-paragraph\">Bir insan\u0131n nerede bulundu\u011funu bilmek, hangi ara\u00e7la ge\u00e7ti\u011fini g\u00f6rmek, kimlerle g\u00f6r\u00fc\u015ft\u00fc\u011f\u00fcn\u00fc takip etmek b\u00fcy\u00fck bir g\u00fc\u00e7t\u00fcr.<\/p>\n\n\n\n<p class=\"wp-block-paragraph\">Bu nedenle kamera kay\u0131tlar\u0131n\u0131n ara\u015ft\u0131r\u0131lmas\u0131 olay\u0131n belki de en \u00f6nemli boyutlar\u0131ndan biridir.<\/p>\n\n\n\n<p class=\"wp-block-paragraph\">GPS KARI\u015eTIRICI DAHA B\u00dcY\u00dcK B\u0130R TEHL\u0130KEY\u0130 G\u00d6STER\u0130YOR<\/p>\n\n\n\n<p class=\"wp-block-paragraph\">Sofya\u2019daki operasyonlarda bulunan g\u00fc\u00e7l\u00fc GPS kar\u0131\u015ft\u0131rma sistemine ili\u015fkin a\u00e7\u0131klamalar ise meseleyi ba\u015fka bir seviyeye ta\u015f\u0131maktad\u0131r.<\/p>\n\n\n\n<p class=\"wp-block-paragraph\">Bulgaristan makamlar\u0131, sistemin en az bir y\u0131ld\u0131r \u00e7al\u0131\u015ft\u0131\u011f\u0131na ili\u015fkin veriler bulundu\u011funu ve hava ara\u00e7lar\u0131n\u0131n sinyallerinin engellenmesi ihtimalinin ara\u015ft\u0131r\u0131ld\u0131\u011f\u0131n\u0131 a\u00e7\u0131klad\u0131.<\/p>\n\n\n\n<p class=\"wp-block-paragraph\">Bir GPS kar\u0131\u015ft\u0131r\u0131c\u0131 s\u0131radan bir cihaz de\u011fildir.<\/p>\n\n\n\n<p class=\"wp-block-paragraph\">Bug\u00fcn GPS teknolojisi;<br \/>u\u00e7aklarda,<br \/>lojistik sistemlerinde,<br \/>ara\u00e7 takip sistemlerinde,<br \/>asker\u00ee yap\u0131larda,<br \/>haberle\u015fmede,<br \/>acil m\u00fcdahale operasyonlar\u0131nda<br \/>ve kritik altyap\u0131larda kullan\u0131lmaktad\u0131r.<\/p>\n\n\n\n<p class=\"wp-block-paragraph\">Dolay\u0131s\u0131yla y\u00fcksek g\u00fc\u00e7l\u00fc bir sinyal kar\u0131\u015ft\u0131r\u0131c\u0131n\u0131n varl\u0131\u011f\u0131 \u015fu soruyu do\u011furur:<\/p>\n\n\n\n<p class=\"wp-block-paragraph\">Kim, neden b\u00f6yle bir kapasiteye ihtiya\u00e7 duydu?<\/p>\n\n\n\n<p class=\"wp-block-paragraph\">Bunun cevab\u0131 bulunmadan dosya kapanmamal\u0131d\u0131r.<\/p>\n\n\n\n<p class=\"wp-block-paragraph\">ASIL SORU: BU S\u0130STEM NASIL BU KADAR UZUN S\u00dcRE \u00c7ALI\u015eTI?<\/p>\n\n\n\n<p class=\"wp-block-paragraph\">Bence olay\u0131n en kritik noktas\u0131 budur.<br \/>Bir cihaz\u0131n bulunmas\u0131 \u00f6nemlidir.<br \/>Ama \u00e7ok daha \u00f6nemli soru \u015fudur:<br \/>Bu cihaz daha \u00f6nce neden bulunmad\u0131?<\/p>\n\n\n\n<p class=\"wp-block-paragraph\">\u0130\u00e7i\u015fleri Bakan\u0131 Demerciev, ge\u00e7mi\u015fte baz\u0131 yerlerin \u00f6n\u00fcnde polis arac\u0131n\u0131n bulundu\u011funu belirterek siyasi koruma ihtimaline y\u00f6nelik son derece a\u011f\u0131r bir de\u011ferlendirme yapt\u0131. Bakan ayr\u0131ca belirli ki\u015filerin dokunulmaz kabul edildi\u011fi d\u00f6nemin sona erdi\u011fini s\u00f6yledi.<\/p>\n\n\n\n<p class=\"wp-block-paragraph\">Bu a\u00e7\u0131klama Bulgaristan i\u00e7in b\u00fcy\u00fck bir devlet meselesidir.<\/p>\n\n\n\n<p class=\"wp-block-paragraph\">\u00c7\u00fcnk\u00fc su\u00e7 \u00f6rg\u00fctlerinden daha tehlikeli olan bir \u015fey vard\u0131r:<\/p>\n\n\n\n<p class=\"wp-block-paragraph\">Su\u00e7un devlet i\u00e7erisindeki koruma mekanizmalar\u0131yla birle\u015fmesi.<\/p>\n\n\n\n<p class=\"wp-block-paragraph\">Su\u00e7 kendi ba\u015f\u0131na belirli bir kapasiteye sahiptir.<br \/>Ama su\u00e7;<br \/>siyasetten,<br \/>b\u00fcrokrasiden,<br \/>polisten,<br \/>g\u00fcmr\u00fckten<br \/>veya adalet sisteminden koruma g\u00f6rmeye ba\u015flarsa,<br \/>art\u0131k organize su\u00e7 olmaktan \u00e7\u0131kar.<br \/>Paralel bir g\u00fc\u00e7 merkezine d\u00f6n\u00fc\u015f\u00fcr.<\/p>\n\n\n\n<p class=\"wp-block-paragraph\">Devletlerin \u00e7\u00fcr\u00fcmesi de tam olarak burada ba\u015flar.<\/p>\n\n\n\n<p class=\"wp-block-paragraph\">\u201cS\u0130YAS\u0130 \u015eEMS\u0130YE\u201d \u0130DD\u0130ASI SONUNA KADAR ARA\u015eTIRILMALI<\/p>\n\n\n\n<p class=\"wp-block-paragraph\">\u201cSiyasi \u015femsiye\u201d ifadesi kolay kullan\u0131lacak bir ifade de\u011fildir.<\/p>\n\n\n\n<p class=\"wp-block-paragraph\">E\u011fer b\u00f6yle bir iddia devletin \u0130\u00e7i\u015fleri Bakan\u0131 taraf\u0131ndan dile getiriliyorsa, gere\u011fi yap\u0131lmal\u0131d\u0131r.<\/p>\n\n\n\n<p class=\"wp-block-paragraph\">Kim korudu?<br \/>Kim talimat verdi?<br \/>Kim denetimleri engelledi?<\/p>\n\n\n\n<p class=\"wp-block-paragraph\">Hangi kurumlar g\u00f6revlerini yapmad\u0131?<br \/>Hangi polisler g\u00f6zlerini kapatt\u0131?<br \/>Hangi b\u00fcrokratlar dosyalar\u0131 bekletti?<br \/>Hangi siyasiler devreye girdi?<br \/>Bunlar\u0131n isim isim ortaya \u00e7\u0131kar\u0131lmas\u0131 gerekir.<\/p>\n\n\n\n<p class=\"wp-block-paragraph\">\u00c7\u00fcnk\u00fc demokratik bir devlette hesap sormak ki\u015fisel intikam de\u011fildir.<br \/>Hukukun gere\u011fidir.<\/p>\n\n\n\n<p class=\"wp-block-paragraph\">\u201cPEP\u0130 EUROTO\u201d BA\u011eLANTISI AYDINLATILMALIDIR<\/p>\n\n\n\n<p class=\"wp-block-paragraph\">\u0130\u00e7i\u015fleri Bakan\u0131n\u0131n a\u00e7\u0131klamalar\u0131nda kamuoyunda \u201cPepi Euroto\u201d olarak bilinen Petyo Petrov\u2019un da ad\u0131 g\u00fcndeme geldi. Demerciev, s\u00f6z konusu b\u00f6lgeyi bu ki\u015finin ge\u00e7mi\u015fte ortadan kaybolmas\u0131yla ba\u011flant\u0131l\u0131 olarak da dikkat \u00e7ekici bir yer \u015feklinde de\u011ferlendirdi.<\/p>\n\n\n\n<p class=\"wp-block-paragraph\">Burada da spek\u00fclasyon de\u011fil, delil konu\u015fmal\u0131d\u0131r.<\/p>\n\n\n\n<p class=\"wp-block-paragraph\">Kim kimle ba\u011flant\u0131l\u0131d\u0131r?<br \/>Hangi tarihte kim nerede bulunmu\u015ftur?<br \/>Kamera kay\u0131tlar\u0131nda ne vard\u0131r?<br \/>Para hareketleri nedir?<br \/>Telefon ba\u011flant\u0131lar\u0131 nedir?<br \/>Ara\u00e7 hareketleri nedir?<br \/>Hepsi incelenmelidir.<\/p>\n\n\n\n<p class=\"wp-block-paragraph\">Devletin g\u00fcc\u00fc s\u00f6ylentiden de\u011fil, delilden gelir.<\/p>\n\n\n\n<p class=\"wp-block-paragraph\">BULGAR\u0130STAN \u0130\u00c7\u0130N TAR\u0130H\u0130 B\u0130R FIRSAT<\/p>\n\n\n\n<p class=\"wp-block-paragraph\">Bu operasyon ba\u015fka bir a\u00e7\u0131dan da okunabilir.<br \/>Bulgaristan y\u0131llard\u0131r yolsuzluk, organize su\u00e7, siyasi n\u00fcfuz ve devlet kurumlar\u0131n\u0131n ba\u011f\u0131ms\u0131zl\u0131\u011f\u0131 konular\u0131n\u0131 tart\u0131\u015f\u0131yor.<\/p>\n\n\n\n<p class=\"wp-block-paragraph\">\u015eimdi \u00fclkenin \u00f6n\u00fcnde bir f\u0131rsat bulunmaktad\u0131r.<br \/>E\u011fer soru\u015fturmalar ger\u00e7ekten sonuna kadar g\u00f6t\u00fcr\u00fcl\u00fcrse, Bulgaristan \u00e7ok \u00f6nemli bir mesaj verebilir:<\/p>\n\n\n\n<p class=\"wp-block-paragraph\">\u201cDevletten daha g\u00fc\u00e7l\u00fc hi\u00e7 kimse yoktur.\u201d<br \/>Ama birka\u00e7 operasyon yap\u0131l\u0131p konu unutulursa, eski d\u00fczen kendisini yeniden \u00fcretir.<\/p>\n\n\n\n<p class=\"wp-block-paragraph\">Bu nedenle soru\u015fturman\u0131n siyasi takvimlerden ba\u011f\u0131ms\u0131z y\u00fcr\u00fct\u00fclmesi gerekir.<\/p>\n\n\n\n<p class=\"wp-block-paragraph\">Savc\u0131l\u0131k, \u0130\u00e7i\u015fleri Bakanl\u0131\u011f\u0131, DANS, g\u00fcmr\u00fck kurumlar\u0131 ve gerekli di\u011fer devlet mekanizmalar\u0131 koordinasyon i\u00e7erisinde \u00e7al\u0131\u015fmal\u0131d\u0131r.<\/p>\n\n\n\n<p class=\"wp-block-paragraph\">KAPITAN ANDREEVO TAM B\u0130R \u015eEFFAFLIK B\u00d6LGES\u0130NE D\u00d6N\u00dc\u015eT\u00dcR\u00dcLMEL\u0130<\/p>\n\n\n\n<p class=\"wp-block-paragraph\">Ben burada daha ileri bir \u00f6neride bulunuyorum.<\/p>\n\n\n\n<p class=\"wp-block-paragraph\">Kapitan Andreevo gibi stratejik s\u0131n\u0131r noktalar\u0131 i\u00e7in tamamen yeni bir g\u00fcvenlik modeli olu\u015fturulmal\u0131d\u0131r.<\/p>\n\n\n\n<p class=\"wp-block-paragraph\">Kamera sistemleri tek merkezden denetlenmeli.<br \/>G\u00fcmr\u00fck i\u015flemleri dijital olarak kay\u0131t alt\u0131na al\u0131nmal\u0131.<\/p>\n\n\n\n<p class=\"wp-block-paragraph\">G\u00f6revlilerin rotasyonu d\u00fczenli yap\u0131lmal\u0131.<br \/>\u015e\u00fcpheli mal varl\u0131klar\u0131 ara\u015ft\u0131r\u0131lmal\u0131.<\/p>\n\n\n\n<p class=\"wp-block-paragraph\">Kritik g\u00f6revlerde bulunan personelin \u00e7\u0131kar ili\u015fkileri denetlenmeli.<\/p>\n\n\n\n<p class=\"wp-block-paragraph\">S\u0131n\u0131r \u00e7evresindeki elektronik frekans hareketleri s\u00fcrekli kontrol edilmeli.<\/p>\n\n\n\n<p class=\"wp-block-paragraph\">Ka\u00e7ak GPS kar\u0131\u015ft\u0131r\u0131c\u0131lar\u0131 veya benzeri sistemler otomatik olarak tespit edilebilmelidir.<\/p>\n\n\n\n<p class=\"wp-block-paragraph\">\u00c7\u00fcnk\u00fc s\u0131n\u0131r g\u00fcvenli\u011fi art\u0131k yaln\u0131zca tel \u00f6rg\u00fc ve polis de\u011fildir.<br \/>S\u0131n\u0131r g\u00fcvenli\u011fi ayn\u0131 zamanda teknoloji g\u00fcvenli\u011fidir.<\/p>\n\n\n\n<p class=\"wp-block-paragraph\">T\u00dcRK\u0130YE DE GEL\u0130\u015eMELER\u0130 YAKINDAN TAK\u0130P ETMEL\u0130D\u0130R<\/p>\n\n\n\n<p class=\"wp-block-paragraph\">Kapitan Andreevo\u2019nun kar\u015f\u0131 taraf\u0131nda T\u00fcrkiye vard\u0131r.<br \/>Her g\u00fcn binlerce insan, ara\u00e7 ve y\u00fck bu g\u00fczerg\u00e2h\u0131 kullanmaktad\u0131r.<\/p>\n\n\n\n<p class=\"wp-block-paragraph\">Dolay\u0131s\u0131yla b\u00f6lgede ortaya \u00e7\u0131kabilecek b\u00fcy\u00fck bir su\u00e7 veya teknoloji a\u011f\u0131 T\u00fcrkiye\u2019yi de ilgilendirir.<\/p>\n\n\n\n<p class=\"wp-block-paragraph\">Ankara ile Sofya aras\u0131nda \u00f6zellikle;<br \/>s\u0131n\u0131r g\u00fcvenli\u011fi,<br \/>ka\u00e7ak\u00e7\u0131l\u0131k,<br \/>organize su\u00e7,<br \/>g\u00fcmr\u00fck,<br \/>elektronik g\u00fcvenlik<br \/>ve uluslararas\u0131 su\u00e7 a\u011flar\u0131<br \/>konusunda daha g\u00fc\u00e7l\u00fc bilgi payla\u015f\u0131m\u0131 yap\u0131lmal\u0131d\u0131r.<\/p>\n\n\n\n<p class=\"wp-block-paragraph\">Su\u00e7un milliyeti yoktur.<br \/>S\u0131n\u0131r tan\u0131maz.<br \/>Bu nedenle m\u00fccadele de s\u0131n\u0131rlar \u00f6tesi olmak zorundad\u0131r.<\/p>\n\n\n\n<p class=\"wp-block-paragraph\">DEVLET\u0130N \u0130T\u0130BARI SINIR KAPISINDA BA\u015eLAR<\/p>\n\n\n\n<p class=\"wp-block-paragraph\">Bir \u00fclkeye girdi\u011finizde ilk g\u00f6rd\u00fc\u011f\u00fcn\u00fcz yer s\u0131n\u0131r kap\u0131s\u0131d\u0131r.<\/p>\n\n\n\n<p class=\"wp-block-paragraph\">Devletin d\u00fczenini,<br \/>otoritesini,<br \/>ciddiyetini<br \/>ve kurumsal g\u00fcc\u00fcn\u00fc orada hissedersiniz.<\/p>\n\n\n\n<p class=\"wp-block-paragraph\">Kapitan Andreevo\u2019da ortaya \u00e7\u0131kan geli\u015fmeler bu y\u00fczden yaln\u0131zca Bulgaristan\u2019\u0131n i\u00e7 meselesi de\u011fildir.<\/p>\n\n\n\n<p class=\"wp-block-paragraph\">Bu olay devlet otoritesinin s\u0131nav\u0131d\u0131r.<br \/>\u015eimdi Bulgaristan\u2019\u0131n \u00f6n\u00fcnde iki yol vard\u0131r.<\/p>\n\n\n\n<p class=\"wp-block-paragraph\">Birinci yol:<br \/>Birka\u00e7 isim a\u00e7\u0131klan\u0131r, birka\u00e7 operasyon yap\u0131l\u0131r ve dosya zaman i\u00e7inde unutulur.<\/p>\n\n\n\n<p class=\"wp-block-paragraph\">\u0130kinci yol:<br \/>Kamera kay\u0131tlar\u0131ndan mali ili\u015fkilere, siyasi ba\u011flant\u0131lardan b\u00fcrokratik korumalara kadar b\u00fct\u00fcn yap\u0131 ortaya \u00e7\u0131kar\u0131l\u0131r.<\/p>\n\n\n\n<p class=\"wp-block-paragraph\">Bulgaristan ikinci yolu se\u00e7melidir.<br \/>\u00c7\u00fcnk\u00fc devlet su\u00e7un arkas\u0131ndan ko\u015fan de\u011fil, su\u00e7tan \u00f6nce g\u00f6ren kurum olmal\u0131d\u0131r.<\/p>\n\n\n\n<p class=\"wp-block-paragraph\">Ve belki bug\u00fcn sorulmas\u0131 gereken en \u00f6nemli soru \u015fudur:<\/p>\n\n\n\n<blockquote class=\"wp-block-quote is-layout-flow wp-block-quote-is-layout-flow\">\n<p class=\"wp-block-paragraph\">Kapitan Andreevo\u2019daki kameralarda yaln\u0131zca insanlar m\u0131 kaydedildi, yoksa y\u0131llard\u0131r Bulgaristan\u2019\u0131n g\u00f6rmek istemedi\u011fi bir d\u00fczenin g\u00f6r\u00fcnt\u00fcleri mi biriktirildi?<\/p>\n<\/blockquote>\n\n\n\n<p class=\"wp-block-paragraph\">Cevab\u0131 bulunmas\u0131 gereken as\u0131l soru budur.<br \/>\u00c7\u00fcnk\u00fc bir cihaz\u0131 ele ge\u00e7irmek kolayd\u0131r; as\u0131l mesele o cihaz\u0131n y\u0131llarca \u00e7al\u0131\u015fmas\u0131na izin veren sistemi ortaya \u00e7\u0131karmakt\u0131r.<\/p>\n","protected":false},"excerpt":{"rendered":"<p>Rafet ULUT\u00dcRKBULT\u00dcRK Genel Ba\u015fkan\u0131 Bulgaristan\u2019da son g\u00fcnlerde ortaya \u00e7\u0131kan geli\u015fmeler, s\u0131radan bir adli operasyon olarak g\u00f6r\u00fclmemelidir. \u00c7\u00fcnk\u00fc mesele yaln\u0131zca bir evde bulunan kay\u0131t cihaz\u0131, s\u00f6k\u00fclm\u00fc\u015f teknik par\u00e7alar veya g\u00fc\u00e7l\u00fc bir GPS kar\u0131\u015ft\u0131rma sistemi de\u011fildir. As\u0131l<\/p>\n","protected":false},"author":4,"featured_media":10664,"comment_status":"open","ping_status":"open","sticky":false,"template":"","format":"standard","meta":{"advanced_seo_description":"","jetpack_seo_html_title":"","jetpack_seo_noindex":false,"jetpack_seo_schema_type":"","_jetpack_newsletter_access":"","_jetpack_dont_email_post_to_subs":false,"_jetpack_newsletter_tier_id":0,"_jetpack_memberships_contains_paywalled_content":false,"_jetpack_feature_clip_id":0,"_jetpack_memberships_contains_paid_content":false,"footnotes":"","jetpack_publicize_message":"","jetpack_publicize_feature_enabled":true,"jetpack_social_post_already_shared":true,"jetpack_social_options":{"image_generator_settings":{"template":"highway","default_image_id":0,"font":"","enabled":false},"version":2},"jetpack_post_was_ever_published":false},"categories":[15],"tags":[],"class_list":["post-11309","post","type-post","status-publish","format-standard","has-post-thumbnail","hentry","category-yazilar"],"jetpack_publicize_connections":[],"jetpack_featured_media_url":"https:\/\/i0.wp.com\/bulturk.org.tr\/v2\/wp-content\/uploads\/2026\/04\/rafet-bg.jpeg?fit=1200%2C1600&ssl=1","jetpack_sharing_enabled":true,"jetpack_likes_enabled":true,"jetpack-related-posts":[],"jetpack_shortlink":"https:\/\/wp.me\/pc3fMN-2Wp","_links":{"self":[{"href":"https:\/\/bulturk.org.tr\/v2\/wp-json\/wp\/v2\/posts\/11309","targetHints":{"allow":["GET"]}}],"collection":[{"href":"https:\/\/bulturk.org.tr\/v2\/wp-json\/wp\/v2\/posts"}],"about":[{"href":"https:\/\/bulturk.org.tr\/v2\/wp-json\/wp\/v2\/types\/post"}],"author":[{"embeddable":true,"href":"https:\/\/bulturk.org.tr\/v2\/wp-json\/wp\/v2\/users\/4"}],"replies":[{"embeddable":true,"href":"https:\/\/bulturk.org.tr\/v2\/wp-json\/wp\/v2\/comments?post=11309"}],"version-history":[{"count":1,"href":"https:\/\/bulturk.org.tr\/v2\/wp-json\/wp\/v2\/posts\/11309\/revisions"}],"predecessor-version":[{"id":11310,"href":"https:\/\/bulturk.org.tr\/v2\/wp-json\/wp\/v2\/posts\/11309\/revisions\/11310"}],"wp:featuredmedia":[{"embeddable":true,"href":"https:\/\/bulturk.org.tr\/v2\/wp-json\/wp\/v2\/media\/10664"}],"wp:attachment":[{"href":"https:\/\/bulturk.org.tr\/v2\/wp-json\/wp\/v2\/media?parent=11309"}],"wp:term":[{"taxonomy":"category","embeddable":true,"href":"https:\/\/bulturk.org.tr\/v2\/wp-json\/wp\/v2\/categories?post=11309"},{"taxonomy":"post_tag","embeddable":true,"href":"https:\/\/bulturk.org.tr\/v2\/wp-json\/wp\/v2\/tags?post=11309"}],"curies":[{"name":"wp","href":"https:\/\/api.w.org\/{rel}","templated":true}]}}