{"id":5865,"date":"2023-02-04T14:38:38","date_gmt":"2023-02-04T11:38:38","guid":{"rendered":"https:\/\/bulturk.org.tr\/v2\/?p=5865"},"modified":"2023-03-10T13:56:11","modified_gmt":"2023-03-10T10:56:11","slug":"kardes-ozbekistandan-kultur-sanatcilari-bulturkte","status":"publish","type":"post","link":"https:\/\/bulturk.org.tr\/v2\/kardes-ozbekistandan-kultur-sanatcilari-bulturkte\/","title":{"rendered":"Karde\u015f \u00d6zbekistan&#8217;dan K\u00fclt\u00fcr Sanat El\u00e7ileri BULT\u00dcRK&#8217;te"},"content":{"rendered":"<p>03 \u015eubat 2023 Cuma g\u00fcn\u00fc,<\/p>\n<p style=\"text-align: left;\"><strong>Bulgaristan T\u00fcrkleri K\u00fclt\u00fcr ve Hizmet Derne\u011fi (BULT\u00dcRK) Beyaz\u0131t-Fatih yerle\u015fkesinde bulunan BULT\u00dcRK K\u00fclt\u00fcr Merkezinde,<\/strong><strong>T\u00fcrk D\u00fcnyas\u0131 Gazeteciler Federasyonu \u00f6nc\u00fcl\u00fc\u011f\u00fcnde,<br \/>\n<\/strong>Bulgaristan T\u00fcrkleri K\u00fclt\u00fcr ve Hizmet Derne\u011fimizin ev sahipli\u011finde \u00d6zbekistan\u2019dan gelen Sanat\u00e7\u0131 toplulu\u011fu Cumhuriyetinin 100.y\u0131l\u0131nda <strong><em>&#8220;L\u0130DER \u00dcLKE T\u00dcRK\u0130YE&#8221;<\/em><\/strong> slogan\u0131 ile \u00d6zbekistan K\u00fclt\u00fcr sanat g\u00fcnleri program\u0131n\u0131 Ahmet T\u00dcZ\u00dcN moderat\u00f6rl\u00fc\u011f\u00fcnde ba\u015flad\u0131. Gelen telegraflar okundu; \u0130stanbul Milletvekili Serkan BAYRAM\u2019\u0131n telgraf\u0131 okundu ve b\u00fcy\u00fck alk\u0131\u015f ald\u0131, Bayrampa\u015fa Belediye Ba\u015fkan\u0131 Atila AYDINER, Fatih Belediye Ba\u015fkan\u0131, Gaziosmanpa\u015fa Belediye Ba\u015fkan\u0131 Hasan Tahsin USTA\u2019n\u0131n telgraflar\u0131 okundu.<\/p>\n<p>&nbsp;<\/p>\n<p><strong><em>BULT\u00dcRK Genel Ba\u015fkan\u0131n konu\u015fmas\u0131;<br \/>\n<\/em><\/strong>Karde\u015f \u00d6zbekistan\u2019dan Bulgaristan T\u00fcrkleri ile kayna\u015fmam\u0131za vesile olan T\u00fcrk D\u00fcnyas\u0131 Gazeteciler Federasyon Ba\u015fkan\u0131 Menderes DEM\u0130R Beyefendiye te\u015fekk\u00fcr ederim.<\/p>\n<p>\u00d6ncelikle sizlere, ba\u015fta bu g\u00fczide toplant\u0131m\u0131z\u0131n tertip komitesi olmak \u00fczre haziruna ve t\u00fcm destek sa\u011flayan kat\u0131l\u0131mc\u0131 karde\u015flerimize te\u015fekk\u00fcr ediyor. Bulgaristan\u2019da do\u011fmu\u015f olmakla beraber hayat\u0131m\u0131n halen s\u00fcrd\u00fcrd\u00fc\u011f\u00fcm ve en \u00f6nemli b\u00f6l\u00fcm\u00fc olan b\u00f6l\u00fcm\u00fcn\u00fc ise, ANA VATAN olarak kabul edip u\u011fruna ba\u015f koyup can verdi\u011fimiz T\u00fcrkiye\u2019de devam ettiren, YESEV\u0130 yolunu yol bellemi\u015f T\u00dcRK-\u0130SLAM k\u00fclt\u00fcr\u00fcn\u00fcn TURAN ve KIZILELMA mefk\u00fbresi ile dopdolu bir karde\u015finiz olarak \u00f6ncelikle karde\u015f \u00d6zbekistan\u2019dan gelen grubu \u00d6zbekistan gurubu ba\u015fkan\u0131 Muazzam \u0130brahimova Han\u0131mefendiye ve ekibine ve t\u00fcm T\u00fcrk D\u00fcnyas\u0131 sevdal\u0131l\u0131 kat\u0131l\u0131mc\u0131lar\u0131m\u0131za ho\u015f geldiniz sefalar getirdiniz.<\/p>\n<p>BULT\u00dcRK Derne\u011fi 2003 y\u0131l\u0131nda kuruldu. Yine BULT\u00dcRK b\u00fcnyesinde BULT\u00dcRK Gazetemizi \u00e7\u0131karmaya ba\u015flad\u0131k. Gazetenin d\u0131\u015f\u0131nda bu ama\u00e7la 2013 y\u0131l\u0131nda BULT\u00dcRK \u00e7at\u0131s\u0131 alt\u0131nda Bulgaristan Stratejik Ara\u015ft\u0131rma Merkezi (BGSAM) faaliyete ge\u00e7irdik. Bu ama\u00e7 do\u011frultusunda Aral\u0131k 2022 itibar\u0131 ile BULT\u00dcRK\u2019\u00fcn toplan 133 kitab\u0131 yay\u0131nlanm\u0131\u015ft\u0131r.<\/p>\n<p>Ayr\u0131ca BULT\u00dcRK \u201cBulgaristan T\u00fcrklerinin Sesi\u201d adl\u0131 dernek gazetemizin 2004 y\u0131l\u0131nda \u00e7\u0131kmaya ba\u015flad\u0131 ve Aral\u0131k 2022\u2019de BULT\u00dcRK Gazetemizin 188. Say\u0131s\u0131n\u0131 \u00e7\u0131kartt\u0131k.<\/p>\n<p>BGSAM Bulgaristan Stratejik Ara\u015ft\u0131rma Merkezinin internet sitesi 2013 y\u0131l\u0131nda ba\u015flam\u0131\u015f ve devam etmektedir. Sitemiz \u201cwww.bghaber.org\u201d Bulgaristan\u2019dan akt\u00fcel haber ve yorum internet yay\u0131n\u0131m\u0131z T\u00fcrk\u00e7e ve Bulgarca yay\u0131nlan\u0131yor. Bulgaristan, T\u00fcrkiye ve Avrupa\u2019da T\u00fcrk ayd\u0131nlar\u0131n\u0131n bulu\u015fma merkezi BGHABER oldu.<\/p>\n<p>Balkanlar\u0131 kontrol etmek i\u00e7in Bulgaristan topraklar\u0131 en stratejik b\u00f6lgedir.<\/p>\n<p>Bu nedenle Bulgaristan\u2019da g\u00fc\u00e7l\u00fc olmak zorunday\u0131z. Buras\u0131 T\u00fcrkiye\u2019yi tekrar d\u00fcnya g\u00fcc\u00fc olmas\u0131 i\u00e7in bir ba\u015flang\u0131\u00e7 olabilir. Bizler buna g\u00f6n\u00fclden inan\u0131yor ve bunun ger\u00e7ekle\u015fmesi i\u00e7in elimizden geleni yap\u0131yor ve yapmaya devam edece\u011fiz.<\/p>\n<p><strong>\u00c7OK YAKINDA T\u00dcRK\u2019\u00dcN AY VE YILDIZI TEKRAR G\u00d6KY\u00dcZ\u00dcNDE PARLAYACAK VE ESK\u0130LERDE OLDU\u011eU G\u0130B\u0130 Y\u0130NE D\u00dcNYAYA <\/strong><strong>N\u0130ZAM VERECEKT\u0130R. <\/strong><\/p>\n<p>T\u00dcRK-\u0130SLAM ORDULARININ FET\u0130HLER\u0130 gibi Osmanl\u0131 devletinin ba\u015f\u0131nda bulunan ve t\u0131pk\u0131 Atalar\u0131 gibi KIZILELMA ve TURAN \u00dcLK\u00dcS\u00dcNE do\u011fru bizlerde bu yolda y\u00fcr\u00fcmeye ve ko\u015fmaya devam ediyor ve edece\u011fiz.<\/p>\n<p>Bizler t\u00fcm Demokratik d\u00f6n\u00fc\u015f\u00fcm isteyenlerin yan\u0131nday\u0131z.<\/p>\n<p>Bunlar\u0131n d\u0131\u015f\u0131nda <strong><em>21. Y\u00fczy\u0131l\u0131n BULT\u00dcRK nezdinde, &#8220;T\u00dcRK ASRI&#8221;<\/em><\/strong> olmas\u0131 nedeniyle 2021 y\u0131l\u0131 itibar\u0131 ile tarihi <strong><em>&#8220;\u0130PEK YOLU\u2019&#8217;na<\/em><\/strong> atfen <strong><em>LONDRA-PEK\u0130N<\/em><\/strong> hatt\u0131nda bulunan yakla\u015f\u0131k 68 \u00fclkenin ekonomik k\u00fclt\u00fcrel sosyolojik siyasal, turistik, stratejik, askeri ve ticari g\u00fc\u00e7lerinin birle\u015ftirmesinde rol oynayacak olan, yine ayl\u0131k olarak yay\u0131nlad\u0131\u011f\u0131m\u0131z <strong><em>&#8220;T\u00dcRKLER\u0130N B\u0130RLE\u015eT\u0130\u011e\u0130 T\u00dcRK YOLU DERG\u0130M\u0130Z\u0130&#8221;<\/em><\/strong> se\u00e7kin kadromuz ile T\u00fcrk D\u00fcnyas\u0131 ve t\u00fcm insanl\u0131\u011f\u0131n hizmetine gururla sunduk.<\/p>\n<p>&nbsp;<\/p>\n<p style=\"text-align: center;\"><strong>\u00d6ZBEK\u0130STAN&#8217;DAN GET\u0130RD\u0130KLER\u0130 \u00d6ZBEK YEMEKLER\u0130 B\u0130ZLERE SUNDULAR<\/strong><\/p>\n<p>Ard\u0131ndan karde\u015f \u00d6zbekistan\u2019dan \u00a0gelen T\u00fcrk D\u00fcnyas\u0131 Gazeteciler Federasyonunun Daveti ile Ankara \u00d6zbekistan B\u00fcy\u00fckel\u00e7ili\u011fince Ankara\u2019da ger\u00e7ekle\u015fecek programa kat\u0131lmak \u00fczere gelen grup \u0130stanbul\u2019da BULT\u00dcRK K\u00dcLT\u00dcR MERKEZ\u0130NE gelen \u00d6zbekistan gurubu ba\u015fkan\u0131 Muazzam \u0130brahimova Han\u0131mefendiye s\u00f6z verildi ve program ba\u015flad\u0131. \u00d6zbek T\u00fcrk\u00e7esinde \u015fark\u0131lar, \u015fiirler okundu ve hepsi bir birinden de\u011ferli sanat\u00e7\u0131lar b\u00fcy\u00fck alk\u0131\u015flarla sahneden ayr\u0131ld\u0131lar.<\/p>\n<p>\u00c7ok \u00e7ok g\u00fczel bir program oldu tekrar karde\u015f \u00d6zbekistan grubu ad\u0131na grubun Ba\u015fkan\u0131 Muazzam \u0130brahimova ba\u015fta olmak \u00fczre, t\u00fcm grubu kutluyor ve hepsine tek tek te\u015fekk\u00fcr ediyoruz.<\/p>\n<p>Program\u0131n sonunda karde\u015f \u00d6zbekistan\u2019dan getirdikleri \u00f6zel hediyeleri BULT\u00dcRK Genel Ba\u015fkan\u0131, \u0130stanbul Yay\u0131n Grubu Ba\u015fkan\u0131 Adil KO\u00c7ALAN Ahmet T\u00dcZ\u00dcN, Osman DUMAN\u2019 na, STK Ba\u015fkanlar\u0131na ve ayr\u0131ca t\u00fcm kat\u0131l\u0131mc\u0131lara \u00d6zbekistan haritas\u0131n\u0131 hediye ettiler.<\/p>\n<p>BULT\u00dcRK Derne\u011finden de BULT\u00dcRK y\u00f6netim kurulu \u00fcyesi Ahmet T\u00dcZ\u00dcN kendilerine Te\u015fekk\u00fcr belgeleri sunuldu. Ayr\u0131ca T\u00fcrk D\u00fcnyas\u0131 Gazeteciler Federasyon Ba\u015fkan\u0131 Menderes DEM\u0130R Beyefendiyi temsilen Osman DUMAN taraf\u0131ndan kat\u0131l\u0131mc\u0131lara ve BULT\u00dcRK Ba\u015fkan\u0131na kendisinin yapt\u0131\u011f\u0131 Bilge Kaan An\u0131t\u0131 birer \u00f6d\u00fcl takt\u0131m etti..<\/p>\n<p style=\"text-align: center;\"><strong>Celal OCAL Hocam\u0131z\u0131n konu\u015fmas\u0131<\/strong><\/p>\n<p>Sonunda Celal OCAL Hocam\u0131zda ilk defa Ali KU\u015e\u00c7U\u2019nun 549 y\u0131ld\u0131r bilinmeyen mezar\u0131 Ey\u00fcp Sultan mezarl\u0131\u011f\u0131nda bulundu\u011funu ve Arap\u00e7a olan mezar ta\u015f\u0131n\u0131n T\u00fcrk\u00e7eye terc\u00fcmesi Dr. N\u00fcrselin G\u00dcNEY taraf\u0131ndan yap\u0131ld\u0131\u011f\u0131n\u0131 bildirdi.<\/p>\n<p>Etkinli\u011fimize kat\u0131lan T\u00fcrk D\u00fcnyas\u0131 ve Akraba Topluluklar Ba\u015fkan\u0131 Metin \u00d6ZKAN, \u0130pek Yolu Ba\u015fkan\u0131 Mustafa MAHDUM, Bo\u015fnak camias\u0131n\u0131n Aksakal\u0131 Saffet ERDEM, Suriye Dernek Ba\u015fkan\u0131 Ahmet A\u011eA, Psiholog Alanur \u00d6zalp han\u0131mefendiye te\u015fekk\u00fcr ederiz.<\/p>\n<p>B\u00f6yle BULT\u00dcRK\u2019\u00dcN bir etkinli\u011finin daha sonuna gelindi.<br \/>\nDi\u011fer etkinliklerde bulu\u015fmak \u00fczere.<\/p>\n<p>Sayg\u0131lar\u0131m\u0131zla,<\/p>\n<p style=\"text-align: right;\"><strong><em>Dr. Nedim B\u0130R\u0130NC\u0130<br \/>\nBULT\u00dcRK<br \/>\nBa\u015fkan Yrd.<\/em><\/strong><\/p>\n<p>&nbsp;<\/p>\n<p style=\"text-align: center;\">\n<strong>\u00d6zbekistan gurubu ba\u015fkan\u0131 Muazzam \u0130brahimova<\/strong><\/p>\n<p>&nbsp;<\/p>\n<p style=\"text-align: center;\"><img data-recalc-dims=\"1\" height=\"356\" width=\"810\" decoding=\"async\" src=\"https:\/\/i0.wp.com\/bulturk.org.tr\/v2\/wp-content\/uploads\/2023\/02\/329143960_6045061475555376_5646406383900952388_n.jpg?resize=810%2C356&#038;ssl=1\" \/><\/p>\n<p>&nbsp;<\/p>\n","protected":false},"excerpt":{"rendered":"<p>03 \u015eubat 2023 Cuma g\u00fcn\u00fc, Bulgaristan T\u00fcrkleri K\u00fclt\u00fcr ve Hizmet Derne\u011fi (BULT\u00dcRK) Beyaz\u0131t-Fatih yerle\u015fkesinde bulunan BULT\u00dcRK K\u00fclt\u00fcr Merkezinde,T\u00fcrk D\u00fcnyas\u0131 Gazeteciler Federasyonu \u00f6nc\u00fcl\u00fc\u011f\u00fcnde, Bulgaristan T\u00fcrkleri K\u00fclt\u00fcr ve Hizmet Derne\u011fimizin ev sahipli\u011finde \u00d6zbekistan\u2019dan gelen Sanat\u00e7\u0131 toplulu\u011fu Cumhuriyetinin<\/p>\n","protected":false},"author":2,"featured_media":5911,"comment_status":"open","ping_status":"open","sticky":false,"template":"","format":"standard","meta":{"advanced_seo_description":"","jetpack_seo_html_title":"","jetpack_seo_noindex":false,"jetpack_seo_schema_type":"","_jetpack_newsletter_access":"","_jetpack_dont_email_post_to_subs":false,"_jetpack_newsletter_tier_id":0,"_jetpack_memberships_contains_paywalled_content":false,"_jetpack_feature_clip_id":0,"_jetpack_memberships_contains_paid_content":false,"footnotes":"","jetpack_publicize_message":"","jetpack_publicize_feature_enabled":true,"jetpack_social_post_already_shared":false,"jetpack_social_options":{"image_generator_settings":{"template":"highway","default_image_id":0,"font":"","enabled":false},"version":2},"jetpack_post_was_ever_published":false},"categories":[21,17,19],"tags":[],"class_list":["post-5865","post","type-post","status-publish","format-standard","has-post-thumbnail","hentry","category-faaliyetlerimiz","category-haberler","category-turk-dunyasi-haberleri"],"jetpack_publicize_connections":[],"jetpack_featured_media_url":"https:\/\/i0.wp.com\/bulturk.org.tr\/v2\/wp-content\/uploads\/2023\/02\/ozbek.jpg?fit=1024%2C768&ssl=1","jetpack_sharing_enabled":true,"jetpack_likes_enabled":true,"jetpack-related-posts":[],"jetpack_shortlink":"https:\/\/wp.me\/pc3fMN-1wB","_links":{"self":[{"href":"https:\/\/bulturk.org.tr\/v2\/wp-json\/wp\/v2\/posts\/5865","targetHints":{"allow":["GET"]}}],"collection":[{"href":"https:\/\/bulturk.org.tr\/v2\/wp-json\/wp\/v2\/posts"}],"about":[{"href":"https:\/\/bulturk.org.tr\/v2\/wp-json\/wp\/v2\/types\/post"}],"author":[{"embeddable":true,"href":"https:\/\/bulturk.org.tr\/v2\/wp-json\/wp\/v2\/users\/2"}],"replies":[{"embeddable":true,"href":"https:\/\/bulturk.org.tr\/v2\/wp-json\/wp\/v2\/comments?post=5865"}],"version-history":[{"count":0,"href":"https:\/\/bulturk.org.tr\/v2\/wp-json\/wp\/v2\/posts\/5865\/revisions"}],"wp:featuredmedia":[{"embeddable":true,"href":"https:\/\/bulturk.org.tr\/v2\/wp-json\/wp\/v2\/media\/5911"}],"wp:attachment":[{"href":"https:\/\/bulturk.org.tr\/v2\/wp-json\/wp\/v2\/media?parent=5865"}],"wp:term":[{"taxonomy":"category","embeddable":true,"href":"https:\/\/bulturk.org.tr\/v2\/wp-json\/wp\/v2\/categories?post=5865"},{"taxonomy":"post_tag","embeddable":true,"href":"https:\/\/bulturk.org.tr\/v2\/wp-json\/wp\/v2\/tags?post=5865"}],"curies":[{"name":"wp","href":"https:\/\/api.w.org\/{rel}","templated":true}]}}