{"id":5884,"date":"2023-02-04T18:50:28","date_gmt":"2023-02-04T15:50:28","guid":{"rendered":"https:\/\/bulturk.org.tr\/v2\/?p=5884"},"modified":"2023-03-10T14:43:33","modified_gmt":"2023-03-10T11:43:33","slug":"bulturkte-ziyaretlere-devam","status":"publish","type":"post","link":"https:\/\/bulturk.org.tr\/v2\/bulturkte-ziyaretlere-devam\/","title":{"rendered":"Seffet Erdem BULT\u00dcRK Derne\u011fi&#8217;ni ziyaret etti"},"content":{"rendered":"<p>Bulgaristan T\u00fcrkleri K\u00fclt\u00fcr ve Hizmet Derne\u011fimizi (BULT\u00dcRK)<br \/>\nGenel Merkez ve K\u00fclt\u00fcr Merkezimize ziyaretler devam ediyor.<\/p>\n<p>&nbsp;<\/p>\n<p>Adres: \u201cMerzifonlu Kara Mustafa Pa\u015fa Medresesi Yeni\u00e7eriler Cad. No. 41 Beyaz\u0131t, Fatih \u2013 \u0130STANBUL\u201d (KAPALI \u00c7AR\u015eININ KAR\u015eISI) adresinde bulunan BULT\u00dcRK Genel Merkez yerle\u015fkemizde ba\u015fta \u0130stanbul ve \u00e7evre illerimiz ve T\u00fcrkiye\u2019mizin her ilinden ve Bulgaristan\u2019\u0131n \u00e7e\u015fitli b\u00f6lgelerinden \u00e7ok say\u0131da T\u00fcrk D\u00fcnyas\u0131 Sevdal\u0131s\u0131 ve merakl\u0131s\u0131 ki\u015filer,\u00a0 kurum kurulu\u015flar ve Sivil Toplum \u00d6rg\u00fctleri mensuplar\u0131n\u0131n ziyaretleri devam ediyor.<\/p>\n<p>Ziyaretlerinden onur ve \u015feref duydu\u011fumuz gelen misafirlerimizden bu g\u00fcn Bayrampa\u015fa&#8217;da oturan Bo\u015fnak camias\u0131n\u0131n AK SAKALI Sayg\u0131de\u011fer Saffet ERDEM Beyefendi\u00a0 bizleri ziyaret ederek sevindirmi\u015f g\u00fc\u00e7 vermi\u015flerdir.<\/p>\n<p>Ayr\u0131ca Bosna Sancak Vakf\u0131n\u0131n k\u00fct\u00fcphanesinden bizlere BULT\u00dcRK k\u00fct\u00fcphanesi i\u00e7in Bo\u015fnaklar ile ilgili yaz\u0131lm\u0131\u015f kitaplar\u0131 getirmi\u015ftir. Bizlerde bunlar\u0131 k\u00fct\u00fcphanemize \u00f6zel bir b\u00f6l\u00fcm olu\u015fturarak Bo\u015fnak k\u00f6\u015fesi haline getirece\u011fiz.<\/p>\n<p><strong>Bizlerde Saffet Abimize BULT\u00dcRK yay\u0131nlar\u0131ndan<\/strong><\/p>\n<p>\u2606\u00a0<strong><em>\u201cBULGAR\u0130STAN T\u00dcRKLER\u0130N\u0130N B\u00dcY\u00dcK G\u00d6\u00c7\u00dc 89\u201d<\/em><\/strong><\/p>\n<p>\u2606\u00a0<strong><em>\u201cD\u00dcNDEN BUG\u00dcNE BULGAR\u0130STAN T\u00dcRK\u00dc\u201d<\/em><\/strong><\/p>\n<p>\u2606\u00a0<strong><em>\u201cD\u00dcNDEN BUG\u00dcNE BULGAR\u0130STAN G\u00d6\u00c7LE TERK ED\u0130LEN TOPRAKLARIN Z\u0130YARET\u0130\u201d<\/em><\/strong><\/p>\n<p>Kitaplar\u0131 g\u00fcn\u00fcn mana ve \u00f6nemine binaen kendilerine taktim edildi.<\/p>\n<p>Balkanlar\u0131n \u00e7ok de\u011ferli Sayg\u0131n AK SAKALIMIZ SAFFET ERDEM BEYEFEND\u0130YE hay\u0131rl\u0131 olsun ziyaretleri i\u00e7in BULT\u00dcRK\u00a0 ve Bulgaristan T\u00fcrkleri ad\u0131na \u00e7ok \u00e7ok te\u015fekk\u00fcr ediyoruz.<\/p>\n<p>\u201cZiyaretten onur ve gurur duyduk\u201d<\/p>\n<p>&nbsp;<\/p>\n<p>&nbsp;<\/p>\n","protected":false},"excerpt":{"rendered":"<p>Bulgaristan T\u00fcrkleri K\u00fclt\u00fcr ve Hizmet Derne\u011fimizi (BULT\u00dcRK) Genel Merkez ve K\u00fclt\u00fcr Merkezimize ziyaretler devam ediyor. &nbsp; Adres: \u201cMerzifonlu Kara Mustafa Pa\u015fa Medresesi Yeni\u00e7eriler Cad. No. 41 Beyaz\u0131t, Fatih \u2013 \u0130STANBUL\u201d (KAPALI \u00c7AR\u015eININ KAR\u015eISI) adresinde bulunan<\/p>\n","protected":false},"author":2,"featured_media":5886,"comment_status":"open","ping_status":"open","sticky":false,"template":"","format":"standard","meta":{"advanced_seo_description":"","jetpack_seo_html_title":"","jetpack_seo_noindex":false,"jetpack_seo_schema_type":"","_jetpack_newsletter_access":"","_jetpack_dont_email_post_to_subs":false,"_jetpack_newsletter_tier_id":0,"_jetpack_memberships_contains_paywalled_content":false,"_jetpack_feature_clip_id":0,"_jetpack_memberships_contains_paid_content":false,"footnotes":"","jetpack_publicize_message":"","jetpack_publicize_feature_enabled":true,"jetpack_social_post_already_shared":false,"jetpack_social_options":{"image_generator_settings":{"template":"highway","default_image_id":0,"font":"","enabled":false},"version":2},"jetpack_post_was_ever_published":false},"categories":[21,17],"tags":[],"class_list":["post-5884","post","type-post","status-publish","format-standard","has-post-thumbnail","hentry","category-faaliyetlerimiz","category-haberler"],"jetpack_publicize_connections":[],"jetpack_featured_media_url":"https:\/\/i0.wp.com\/bulturk.org.tr\/v2\/wp-content\/uploads\/2023\/02\/safet-erdem-bosna2.jpg?fit=260%2C412&ssl=1","jetpack_sharing_enabled":true,"jetpack_likes_enabled":true,"jetpack-related-posts":[],"jetpack_shortlink":"https:\/\/wp.me\/pc3fMN-1wU","_links":{"self":[{"href":"https:\/\/bulturk.org.tr\/v2\/wp-json\/wp\/v2\/posts\/5884","targetHints":{"allow":["GET"]}}],"collection":[{"href":"https:\/\/bulturk.org.tr\/v2\/wp-json\/wp\/v2\/posts"}],"about":[{"href":"https:\/\/bulturk.org.tr\/v2\/wp-json\/wp\/v2\/types\/post"}],"author":[{"embeddable":true,"href":"https:\/\/bulturk.org.tr\/v2\/wp-json\/wp\/v2\/users\/2"}],"replies":[{"embeddable":true,"href":"https:\/\/bulturk.org.tr\/v2\/wp-json\/wp\/v2\/comments?post=5884"}],"version-history":[{"count":0,"href":"https:\/\/bulturk.org.tr\/v2\/wp-json\/wp\/v2\/posts\/5884\/revisions"}],"wp:featuredmedia":[{"embeddable":true,"href":"https:\/\/bulturk.org.tr\/v2\/wp-json\/wp\/v2\/media\/5886"}],"wp:attachment":[{"href":"https:\/\/bulturk.org.tr\/v2\/wp-json\/wp\/v2\/media?parent=5884"}],"wp:term":[{"taxonomy":"category","embeddable":true,"href":"https:\/\/bulturk.org.tr\/v2\/wp-json\/wp\/v2\/categories?post=5884"},{"taxonomy":"post_tag","embeddable":true,"href":"https:\/\/bulturk.org.tr\/v2\/wp-json\/wp\/v2\/tags?post=5884"}],"curies":[{"name":"wp","href":"https:\/\/api.w.org\/{rel}","templated":true}]}}